{"id":3523,"date":"2018-07-28T23:27:40","date_gmt":"2018-07-28T21:27:40","guid":{"rendered":"http:\/\/rt-europaallee.org\/wordpress\/?p=3523"},"modified":"2018-07-29T00:25:39","modified_gmt":"2018-07-28T22:25:39","slug":"newsletter-migrationszentrum-27-7-18","status":"publish","type":"post","link":"https:\/\/rt-europaallee.de\/wordpress\/2018\/07\/newsletter-migrationszentrum-27-7-18\/","title":{"rendered":"Newsletter Migrationszentrum, 27.7.18"},"content":{"rendered":"<p>Weitergeleitete E-Mail von <a href=\"mailto:rt-europaallee@gwhagenberg.de\">rt-europaallee@gwhagenberg.de<\/a> (28.07.2018)<\/p>\n<p>&nbsp;<\/p>\n<blockquote><p><strong>Gesendet:<\/strong>\u00a0Freitag, 27. Juli 2018 um 16:56 Uhr<br \/>\n<strong>Von:<\/strong>\u00a0seiwillkommen@migrationszentrum-goettingen.de<br \/>\n<strong>An:<\/strong>\u00a0&#8222;Natascha Wellmann-Rizo&#8220; &lt;n-wellmann@migrationszentrum-goettingen.de&gt; <strong>Betreff:<\/strong>\u00a0Newsletter Migrationszentrum, 27.7.18<\/p>\n<p>Liebe Helferinnen und Helfer, liebe Interessierten,<\/p>\n<p>&nbsp;<\/p>\n<p>unsere Sommerpause ist vorbei und wir starten mit einigen Infos und Einladungen zu diversen spannenden Veranstaltungen:<\/p>\n<p><strong>\u00a0<\/strong><\/p>\n<p><strong>Stammtisch f\u00fcr Ehrenamtliche in der Fl\u00fcchtlingshilfe<\/strong><\/p>\n<p>Die Sommerpause ist vorbei, unser Stammtisch findet wieder statt.<\/p>\n<p><strong>Wo:<\/strong> Migrationszentrum, Weender Stra\u00dfe 42<\/p>\n<p><strong>Wann:<\/strong> Montag, 30. Juli 2018, 19 Uhr<\/p>\n<p>Herzlich eingeladen sind alle, die am Austausch mit anderen freiwilligen Helfern interessiert sind.<\/p>\n<p>&nbsp;<\/p>\n<p><strong>Interkulturelles Caf\u00e9 vom Refugee Network G\u00f6ttingen<\/strong><\/p>\n<p>Kommt einfach vorbei!<\/p>\n<p><strong>Wann: <\/strong>29.07. um 15 Uhr <strong>Wo: <\/strong>In der OM 10 (Obere-Masch-Str. 10)<\/p>\n<p><strong>\u00a0<\/strong><\/p>\n<p><strong>Beratung\/Coaching<\/strong><\/p>\n<p>Im Rahmen des Projektes HeimatTafel bietet Tafel G\u00f6ttingen e.V. \u00a0die neue Reihe \u201eBeratungscoaching\u201c an.<\/p>\n<p>Ob im Beruf, im Ehrenamt oder in der Freizeit \u2013 wir w\u00fcnschen uns oft eine Ver\u00e4nderung, ohne genau sagen zu k\u00f6nnen, was wir eigentlich wollen. Wiebke Grimmig, Beraterin in G\u00f6ttingen, hilft Ihnen bei der Suche nach einer Entscheidung.<\/p>\n<p><strong>Beim ersten Termin stellt Wiebke Grimmig sich und Ihr Konzept vor: <\/strong><\/p>\n<p><strong>Wo:<\/strong> Caf\u00e9 Mauerbl\u00fcmchen, Mauerstr. 16\/17<\/p>\n<p><strong>Wann:<\/strong> Dienstag, 31. Juli 2018 um 16:30 Uhr<\/p>\n<p><strong>Infos<\/strong> erteilt Martina May unter Tel. 0551\/51030<\/p>\n<p>Gerne k\u00f6nnen Sie vor Ort auch W\u00fcnsche \u00e4u\u00dfern. <strong>Die Beratung ist kostenfrei.<\/strong> Ebenso Getr\u00e4nke und Snacks.<\/p>\n<p>&nbsp;<\/p>\n<p><strong>G\u00f6ttinger Improvisations-Theatergruppe &#8222;QuerQuassler&#8220; zu Gast bei der Tafel G\u00f6ttingen<\/strong><\/p>\n<p><strong>Wo:<\/strong> Caf\u00e9 Mauerbl\u00fcmchen, Mauerstr. 16\/17<\/p>\n<p><strong>Wann:<\/strong> am 07. August um 16.30 Uhr<\/p>\n<p>Das Publikum gibt die Themen vor, die Schauspieler\/innen erschaffen die Szenen. Schnell, kreativ und unterhaltsam bauen sie alles ein, was an Ideen in den Raum geworfen wird. <strong>Der Eintritt ist kostenlos<\/strong>. (Wer mag und kann, darf gern die Tafel mit einer kleinen Spende unterst\u00fctzen).<\/p>\n<p>Bei gutem Wetter wird im Innenhof gespielt.<\/p>\n<p><strong>\u00a0<\/strong><\/p>\n<p><strong>Internationaler Abend im Stadtteilb\u00fcro Leineberg<\/strong><\/p>\n<p><strong>Wo:<\/strong> Allerstrasse 32, 37081 G\u00f6ttingen<\/p>\n<p><strong>Wann:<\/strong> Mittwoch, 1. August und Mittwoch, 15. August 2018, 18:00 Uhr Der Internationale Abend ist ein offenes Treffen f\u00fcr Menschen aller Kulturen. Willkommen sind alle, die Interesse haben, die vielf\u00e4ltigen Kulturen G\u00f6ttingens kennen zu lernen und zusammen ein friedliches Miteinander aufzubauen. Eine Voranmeldung ist nicht erforderlich, kommen Sie einfach vorbei!<\/p>\n<p>&nbsp;<\/p>\n<p><strong>Multimedia-Lesung von und mit Abdul Abbasi und Allaa Faham <\/strong><\/p>\n<p><strong>auf Einladung vom Landkreis G\u00f6ttingen<\/strong><\/p>\n<p><strong>\u201eEingedeutscht \u2013 Die schr\u00e4ge Geschichte unserer Integration\u201c<\/strong><\/p>\n<p><strong>\u00a0<\/strong><strong>Wann: \u00a0<\/strong>am Montag, 13. August 2018 um 18 Uhr<\/p>\n<p><strong>Wo: <\/strong>Kreishaus G\u00f6ttingen (Raum 018\/019); Reinh\u00e4user Landstra\u00dfe 4<\/p>\n<p>&nbsp;<\/p>\n<p>&nbsp;<\/p>\n<p><strong>Kostenloser Gitarrenunterricht<\/strong><\/p>\n<p>Gemeinsam mit der Tafel G\u00f6ttingen suchen wir noch ein paar Teilnehmer f\u00fcr kostenlosen Gitarrenunterricht. W\u00e4hrend des Unterrichts werden die Instrumente vom Lehrer gestellt. F\u00fcr das \u00dcben zu Hause werden wir werden wir uns bem\u00fchen, gespendete Gitarren zu organisieren, wenn sich genug Teilnehmer gefunden haben.<\/p>\n<p>&nbsp;<\/p>\n<p>Mit herzlichen Gr\u00fc\u00dfen<\/p>\n<p>Natascha Wellmann-Rizo<\/p>\n<p>_______<\/p>\n<p>&nbsp;<\/p>\n<p><em>Sei Willkommen<\/em><\/p>\n<p>Ehrenamtliche Hilfe f\u00fcr Fl\u00fcchtlinge<\/p>\n<p><strong>Migrationszentum<\/strong><\/p>\n<p>f\u00fcr Stadt und Landkreis G\u00f6ttingen<\/p>\n<p>Weender Stra\u00dfe 42<\/p>\n<p>37073 G\u00f6ttingen<\/p>\n<p>Tel.: 0551\/89993025<\/p>\n<p>Fax: 0551\/531018<\/p>\n<p><a href=\"mailto:n-wellmann@migrationszentrum-goettingen.de\">n-wellmann@migrationszentrum-goettingen.de<\/a><\/p>\n<p><a href=\"http:\/\/www.migrationszentrum-goettingen.de\">www.migrationszentrum-goettingen.de<\/a><\/p><\/blockquote>\n<p>&nbsp;<\/p>\n<h3>Anhang:<\/h3>\n<p><a href=\"http:\/\/rt-europaallee.org\/wordpress\/wp-content\/uploads\/2018\/07\/Ank\u00fcndigung-Weiterbildungen_BFGoe_B\u00fcro_f\u00fcr_Integration-September_2018.pdf\">Ank\u00fcndigung Weiterbildungen_BFGoe_B\u00fcro_f\u00fcr_Integration September_2018<\/a><\/p>\n","protected":false},"excerpt":{"rendered":"<p>Weitergeleitete E-Mail von rt-europaallee@gwhagenberg.de (28.07.2018) &nbsp; Gesendet:\u00a0Freitag, 27. Juli 2018 um 16:56 Uhr Von:\u00a0seiwillkommen@migrationszentrum-goettingen.de An:\u00a0&#8222;Natascha Wellmann-Rizo&#8220; &lt;n-wellmann@migrationszentrum-goettingen.de&gt; Betreff:\u00a0Newsletter Migrationszentrum, 27.7.18 Liebe Helferinnen und Helfer, liebe Interessierten, &nbsp; unsere Sommerpause ist vorbei und wir starten mit einigen Infos und Einladungen zu diversen spannenden Veranstaltungen: \u00a0 Stammtisch f\u00fcr Ehrenamtliche in der Fl\u00fcchtlingshilfe Die Sommerpause ist vorbei, unser &#8230; <a title=\"Newsletter Migrationszentrum, 27.7.18\" class=\"read-more\" href=\"https:\/\/rt-europaallee.de\/wordpress\/2018\/07\/newsletter-migrationszentrum-27-7-18\/\" aria-label=\"Mehr Informationen \u00fcber Newsletter Migrationszentrum, 27.7.18\">Weiterlesen<\/a><\/p>\n","protected":false},"author":3,"featured_media":0,"comment_status":"closed","ping_status":"open","sticky":false,"template":"","format":"standard","meta":{"footnotes":""},"categories":[1],"tags":[],"class_list":["post-3523","post","type-post","status-publish","format-standard","hentry","category-allgemein"],"_links":{"self":[{"href":"https:\/\/rt-europaallee.de\/wordpress\/wp-json\/wp\/v2\/posts\/3523","targetHints":{"allow":["GET"]}}],"collection":[{"href":"https:\/\/rt-europaallee.de\/wordpress\/wp-json\/wp\/v2\/posts"}],"about":[{"href":"https:\/\/rt-europaallee.de\/wordpress\/wp-json\/wp\/v2\/types\/post"}],"author":[{"embeddable":true,"href":"https:\/\/rt-europaallee.de\/wordpress\/wp-json\/wp\/v2\/users\/3"}],"replies":[{"embeddable":true,"href":"https:\/\/rt-europaallee.de\/wordpress\/wp-json\/wp\/v2\/comments?post=3523"}],"version-history":[{"count":3,"href":"https:\/\/rt-europaallee.de\/wordpress\/wp-json\/wp\/v2\/posts\/3523\/revisions"}],"predecessor-version":[{"id":3546,"href":"https:\/\/rt-europaallee.de\/wordpress\/wp-json\/wp\/v2\/posts\/3523\/revisions\/3546"}],"wp:attachment":[{"href":"https:\/\/rt-europaallee.de\/wordpress\/wp-json\/wp\/v2\/media?parent=3523"}],"wp:term":[{"taxonomy":"category","embeddable":true,"href":"https:\/\/rt-europaallee.de\/wordpress\/wp-json\/wp\/v2\/categories?post=3523"},{"taxonomy":"post_tag","embeddable":true,"href":"https:\/\/rt-europaallee.de\/wordpress\/wp-json\/wp\/v2\/tags?post=3523"}],"curies":[{"name":"wp","href":"https:\/\/api.w.org\/{rel}","templated":true}]}}