{"id":4384,"date":"2018-12-31T10:09:39","date_gmt":"2018-12-31T09:09:39","guid":{"rendered":"http:\/\/rt-europaallee.org\/wordpress\/?p=4384"},"modified":"2018-12-31T10:09:39","modified_gmt":"2018-12-31T09:09:39","slug":"infos-der-polizei-goettingen-feuerwerk-zu-silvester-20182019","status":"publish","type":"post","link":"https:\/\/rt-europaallee.de\/wordpress\/2018\/12\/infos-der-polizei-goettingen-feuerwerk-zu-silvester-20182019\/","title":{"rendered":"Infos der Polizei G\u00f6ttingen: Feuerwerk zu Silvester 2018\/2019"},"content":{"rendered":"<p>(Quelle: <a href=\"https:\/\/www.facebook.com\/polizeidirektion.goettingen\/posts\/2565666773448902\">https:\/\/www.facebook.com\/polizeidirektion.goettingen\/posts\/2565666773448902<\/a>)<\/p>\n<p>&nbsp;<\/p>\n<blockquote>\n<div class=\"k_14zndmo95b n_14zndms7pi clearfix\">\n<div class=\"clearfix j_14zndmo7cw\">\n<div class=\"clearfix _42ef\">\n<div class=\"h_14zndmo7cv\">\n<div>\n<div class=\"_6a _5u5j\">\n<div class=\"_6a _5u5j _6b\">\n<h5 id=\"js_oe\" class=\"_14f3 _14f5 _5pbw _5vra\" data-ft=\"{&quot;tn&quot;:&quot;C&quot;}\"><span class=\"fwn fcg\"><span class=\"fwb fcg\" data-ft=\"{&quot;tn&quot;:&quot;k&quot;}\"><a href=\"https:\/\/www.facebook.com\/polizeidirektion.goettingen\/?__tn__=kC-R&amp;eid=ARBtxisGUeo8E_CaVWxmno9_KGhKhJXa3QIGpL3dl6BTeyAHzkDPXgju2-sS4UoFwNUN0dY5sQeLg2HX&amp;hc_ref=ARQEwfAT5IoPqqoBF4Upx3WlagTMm__Qh5Zpzrq3XIkxZG09ztGptlYe0h-7VcHdoRs&amp;fref=nf&amp;__xts__%5B0%5D=68.ARB6Dluxcq0rk9X7GRxdt-LPvutu1fwFu1oC16-KP3GuKqaFgCLsaIIYcFRB_i1N6J05eWnbGi_4WbsX4mTypy6zOcLIK_qILrAxUPWgJ1hVRUMzfzNgADblKNyuefwsbxeMAiR6ieqHdxewhL1mOkyL-bTKbg1-mQW88hCvy58XoYuOyNIoVB-ybpA2dFVxFeNZPRXEaIY7mdUvU7gSVl_mqsRc5pc1_cOtpLnzpPYjFvd2-p4chRTJL8nUkIf3cJ1J6fTaqDUJ39okFMN-YpF-ci9R91g7VGeogDJCQozoOzK1gFzMRUIrAVrt-bavAnHs0184w79dJHti2aEwbaB-tA\" data-hovercard-referer=\"ARQEwfAT5IoPqqoBF4Upx3WlagTMm__Qh5Zpzrq3XIkxZG09ztGptlYe0h-7VcHdoRs\" data-hovercard-prefer-more-content-show=\"1\" data-hovercard=\"\/ajax\/hovercard\/page.php?id=480085992007001&amp;extragetparams=%7B%22__tn__%22%3A%22%2CdkC-R-R%22%2C%22eid%22%3A%22ARBtxisGUeo8E_CaVWxmno9_KGhKhJXa3QIGpL3dl6BTeyAHzkDPXgju2-sS4UoFwNUN0dY5sQeLg2HX%22%2C%22hc_ref%22%3A%22ARQEwfAT5IoPqqoBF4Upx3WlagTMm__Qh5Zpzrq3XIkxZG09ztGptlYe0h-7VcHdoRs%22%2C%22fref%22%3A%22nf%22%7D\">Polizei G\u00f6ttingen<\/a><\/span><\/span><\/h5>\n<div id=\"feed_subtitle_480085992007001;2565666773448902;;9\" class=\"_5pcp _5lel _2jyu _232_\" data-testid=\"story-subtitle\"><span class=\"g_14zndmncnm\"><span class=\"fsm fwn fcg\"><a class=\"_5pcq\" href=\"https:\/\/www.facebook.com\/polizeidirektion.goettingen\/photos\/a.485123801503220\/2565651513450428\/?type=3&amp;__xts__%5B0%5D=68.ARB6Dluxcq0rk9X7GRxdt-LPvutu1fwFu1oC16-KP3GuKqaFgCLsaIIYcFRB_i1N6J05eWnbGi_4WbsX4mTypy6zOcLIK_qILrAxUPWgJ1hVRUMzfzNgADblKNyuefwsbxeMAiR6ieqHdxewhL1mOkyL-bTKbg1-mQW88hCvy58XoYuOyNIoVB-ybpA2dFVxFeNZPRXEaIY7mdUvU7gSVl_mqsRc5pc1_cOtpLnzpPYjFvd2-p4chRTJL8nUkIf3cJ1J6fTaqDUJ39okFMN-YpF-ci9R91g7VGeogDJCQozoOzK1gFzMRUIrAVrt-bavAnHs0184w79dJHti2aEwbaB-tA&amp;__tn__=-R\" target=\"\" rel=\"theater\"><abbr class=\"_5ptz timestamp livetimestamp\" title=\"31.12.18, 09:00\" data-shorten=\"1\" data-utime=\"1546243200\"><span id=\"js_of\" class=\"timestampContent\">1 Std<\/span><\/abbr><\/a><\/span><\/span><span class=\"_6spk\"> \u00b7 <\/span><i class=\"lock img sp__EFZWPnvn_g sx_ad2fb3\"><\/i><\/div>\n<\/div>\n<\/div>\n<\/div>\n<\/div>\n<\/div>\n<\/div>\n<\/div>\n<div id=\"js_og\" class=\"_5pbx userContent _3576\" data-ft=\"{&quot;tn&quot;:&quot;K&quot;}\" data-ad-preview=\"message\">\n<p><span class=\"_5mfr\"><span class=\"_6qdm\">?<\/span><\/span>SILVESTER 2018\/2019 in <a class=\"_58cn\" href=\"https:\/\/www.facebook.com\/hashtag\/g\u00f6ttingen?source=feed_text&amp;epa=HASHTAG&amp;__xts__%5B0%5D=68.ARB6Dluxcq0rk9X7GRxdt-LPvutu1fwFu1oC16-KP3GuKqaFgCLsaIIYcFRB_i1N6J05eWnbGi_4WbsX4mTypy6zOcLIK_qILrAxUPWgJ1hVRUMzfzNgADblKNyuefwsbxeMAiR6ieqHdxewhL1mOkyL-bTKbg1-mQW88hCvy58XoYuOyNIoVB-ybpA2dFVxFeNZPRXEaIY7mdUvU7gSVl_mqsRc5pc1_cOtpLnzpPYjFvd2-p4chRTJL8nUkIf3cJ1J6fTaqDUJ39okFMN-YpF-ci9R91g7VGeogDJCQozoOzK1gFzMRUIrAVrt-bavAnHs0184w79dJHti2aEwbaB-tA&amp;__tn__=%2ANK-R\" data-ft=\"{&quot;type&quot;:104,&quot;tn&quot;:&quot;*N&quot;}\"><span class=\"_5afx\"><span class=\"_58cl _5afz\">#<\/span><span class=\"_58cm\">G\u00f6ttingen<\/span><\/span><\/a><\/p>\n<p>In der gesamten G\u00f6ttinger Innenstadt ist auch dieses Jahr Feuerwerk der Kategorie 2 verboten und darf nicht gez\u00fcndet werden.<\/p>\n<p>Wir sind zum Jahreswechsel gemeinsam mit dem Stadtordnungsdienst in der Innenstadt unterwegs, wer gegen das &#8222;B\u00f6llerverbot&#8220; verst\u00f6\u00dft, muss mit einem Bu\u00dfgeld rechnen.<\/p>\n<p>Woran erkennt man pyrotechnische Gegenst\u00e4nde der Kategorie 2?<br \/>\nSie sind mit der Kennzeichnung \u201eF2\u201c bzw. \u201ePII\u201c versehen und d\u00fcrfen nur vom 29. bis zum 31. Dezember verkauft werden. Das Abbrennen dieser Feuerwerksk\u00f6rper ist ausschlie\u00dflich am 31. Dezember und am 1. Januar bis 0.00 Uhr erlaubt <span class=\"_5mfr\"><span class=\"_6qdm\">\u261d<\/span><\/span>allerdings nur au\u00dferhalb der Innenstadt.<\/p>\n<p>Wir w\u00fcnschen ALLEN einen guten Rutsch, sowie den Einsatzkr\u00e4ften <span class=\"_5mfr\"><span class=\"_6qdm\">?<\/span><\/span><span class=\"_5mfr\"><span class=\"_6qdm\">?<\/span><\/span><span class=\"_5mfr\"><span class=\"_6qdm\">?<\/span><\/span> eine ruhige Silvesternacht.<\/p>\n<\/div>\n<div class=\"_3x-2\" data-ft=\"{&quot;tn&quot;:&quot;H&quot;}\">\n<div data-ft=\"{&quot;tn&quot;:&quot;H&quot;}\">\n<div class=\"mtm\">\n<div>\n<div class=\"_5cq3 _1ktf\" data-ft=\"{&quot;tn&quot;:&quot;E&quot;}\">\n<div id=\"u_jsonp_2_1d\" class=\"uiScaledImageContainer _4-ep\"><img loading=\"lazy\" decoding=\"async\" class=\"scaledImageFitHeight img\" src=\"https:\/\/scontent.fham1-1.fna.fbcdn.net\/v\/t1.0-0\/p526x296\/48383552_2565651516783761_6008166017354694656_n.jpg?_nc_cat=102&amp;_nc_ht=scontent.fham1-1.fna&amp;oh=a29ac4bfbcd2c79c692958947167fd41&amp;oe=5CCFA87C\" alt=\"Bild k\u00f6nnte enthalten: Text\" width=\"501\" height=\"375\" \/><\/div>\n<\/div>\n<\/div>\n<\/div>\n<\/div>\n<\/div>\n<\/blockquote>\n","protected":false},"excerpt":{"rendered":"<p>(Quelle: https:\/\/www.facebook.com\/polizeidirektion.goettingen\/posts\/2565666773448902) &nbsp; Polizei G\u00f6ttingen 1 Std \u00b7 ?SILVESTER 2018\/2019 in #G\u00f6ttingen In der gesamten G\u00f6ttinger Innenstadt ist auch dieses Jahr Feuerwerk der Kategorie 2 verboten und darf nicht gez\u00fcndet werden. Wir sind zum Jahreswechsel gemeinsam mit dem Stadtordnungsdienst in der Innenstadt unterwegs, wer gegen das &#8222;B\u00f6llerverbot&#8220; verst\u00f6\u00dft, muss mit einem Bu\u00dfgeld rechnen. Woran erkennt &#8230; <a title=\"Infos der Polizei G\u00f6ttingen: Feuerwerk zu Silvester 2018\/2019\" class=\"read-more\" href=\"https:\/\/rt-europaallee.de\/wordpress\/2018\/12\/infos-der-polizei-goettingen-feuerwerk-zu-silvester-20182019\/\" aria-label=\"Mehr Informationen \u00fcber Infos der Polizei G\u00f6ttingen: Feuerwerk zu Silvester 2018\/2019\">Weiterlesen<\/a><\/p>\n","protected":false},"author":3,"featured_media":0,"comment_status":"closed","ping_status":"open","sticky":false,"template":"","format":"standard","meta":{"footnotes":""},"categories":[1],"tags":[],"class_list":["post-4384","post","type-post","status-publish","format-standard","hentry","category-allgemein"],"_links":{"self":[{"href":"https:\/\/rt-europaallee.de\/wordpress\/wp-json\/wp\/v2\/posts\/4384","targetHints":{"allow":["GET"]}}],"collection":[{"href":"https:\/\/rt-europaallee.de\/wordpress\/wp-json\/wp\/v2\/posts"}],"about":[{"href":"https:\/\/rt-europaallee.de\/wordpress\/wp-json\/wp\/v2\/types\/post"}],"author":[{"embeddable":true,"href":"https:\/\/rt-europaallee.de\/wordpress\/wp-json\/wp\/v2\/users\/3"}],"replies":[{"embeddable":true,"href":"https:\/\/rt-europaallee.de\/wordpress\/wp-json\/wp\/v2\/comments?post=4384"}],"version-history":[{"count":1,"href":"https:\/\/rt-europaallee.de\/wordpress\/wp-json\/wp\/v2\/posts\/4384\/revisions"}],"predecessor-version":[{"id":4385,"href":"https:\/\/rt-europaallee.de\/wordpress\/wp-json\/wp\/v2\/posts\/4384\/revisions\/4385"}],"wp:attachment":[{"href":"https:\/\/rt-europaallee.de\/wordpress\/wp-json\/wp\/v2\/media?parent=4384"}],"wp:term":[{"taxonomy":"category","embeddable":true,"href":"https:\/\/rt-europaallee.de\/wordpress\/wp-json\/wp\/v2\/categories?post=4384"},{"taxonomy":"post_tag","embeddable":true,"href":"https:\/\/rt-europaallee.de\/wordpress\/wp-json\/wp\/v2\/tags?post=4384"}],"curies":[{"name":"wp","href":"https:\/\/api.w.org\/{rel}","templated":true}]}}