{"id":5157,"date":"2019-04-11T18:02:12","date_gmt":"2019-04-11T16:02:12","guid":{"rendered":"http:\/\/rt-europaallee.org\/wordpress\/?p=5157"},"modified":"2019-04-11T18:02:12","modified_gmt":"2019-04-11T16:02:12","slug":"haus-der-kulturen-festival-fuer-den-weltfrieden","status":"publish","type":"post","link":"https:\/\/rt-europaallee.de\/wordpress\/2019\/04\/haus-der-kulturen-festival-fuer-den-weltfrieden\/","title":{"rendered":"Haus der Kulturen: &#8222;Festival f\u00fcr den Weltfrieden&#8220;"},"content":{"rendered":"<p>(Quelle: <a href=\"https:\/\/www.facebook.com\/hausderkulturen\/posts\/2224680550931657\">https:\/\/www.facebook.com\/hausderkulturen\/posts\/2224680550931657<\/a>)<\/p>\n<p>&nbsp;<\/p>\n<blockquote>\n<div class=\"k_14zndmo95b n_14zndms7pi clearfix\">\n<div class=\"clearfix j_14zndmo7cw\">\n<div class=\"clearfix _42ef\">\n<div class=\"h_14zndmo7cv\">\n<div>\n<div class=\"_6a _5u5j\">\n<div class=\"_6a _5u5j _6b\">\n<h5 id=\"js_g\" class=\"_7tae _14f3 _14f5 _5pbw _5vra\"><span class=\"fwn fcg\"><span class=\"fwb fcg\"><a id=\"js_y3\" href=\"https:\/\/www.facebook.com\/hausderkulturen\/?__tn__=kC-R&amp;eid=ARAzdFgR0pYX3jGkOdNZ009uspK7OcNp51OUg-jB39Pn1hjB0q4Z3BVqgVnp8Cgv9FlN8FXlW6BPlsJ8&amp;hc_ref=ARShtaP3OwRlPEhAxPgCWD8dTze7m_71QSKxUqCZ1RFWVviKXxx-YOhg4Yz4JCIZPnc&amp;fref=nf&amp;__xts__%5B0%5D=68.ARCdpCliXTlZABRbYfIJvjhsJBptzcLy8MngSF4_1kdEJtBoM7rdcl1Qme4UJ6JYKamaCL6PkF9LfLEoyHjSFhdHq3r595E0LbLab31XcMFzQI_6T_B8YJJq1_DE_TBSN0bn0AI8swB9l_iu0r2rhY_FuXR-X_d5TuG56gs9TcH_ORNLOhX2V6jNm16JDUXeJaKA_fWdQSFTub7RKtCOBWkk9gYlCntdGs5VIyZ-lMMzt1R6YXEe9ae2M_OiCVVNyAKtw-Pr3xe3U7YJ9kcoAzYygONDfFGQ10-wsBLiBFsGXlLZQZid3Szatu56qLg1oF5lQrkuU3XwXmmKsXOFupfX7Q\">Zukunfts-Werkstatt e.V. im Haus der Kulturen<\/a><\/span><\/span><\/h5>\n<div id=\"feed_subtitle_666128063453588;2224680550931657;;9\" class=\"_5pcp _5lel _2jyu _232_\"><span class=\"g_14zndmncnm\"><span class=\"fsm fwn fcg\"><a class=\"_5pcq\" href=\"https:\/\/www.facebook.com\/hausderkulturen\/photos\/a.722439784489082\/2224680190931693\/?type=3&amp;__xts__%5B0%5D=68.ARCdpCliXTlZABRbYfIJvjhsJBptzcLy8MngSF4_1kdEJtBoM7rdcl1Qme4UJ6JYKamaCL6PkF9LfLEoyHjSFhdHq3r595E0LbLab31XcMFzQI_6T_B8YJJq1_DE_TBSN0bn0AI8swB9l_iu0r2rhY_FuXR-X_d5TuG56gs9TcH_ORNLOhX2V6jNm16JDUXeJaKA_fWdQSFTub7RKtCOBWkk9gYlCntdGs5VIyZ-lMMzt1R6YXEe9ae2M_OiCVVNyAKtw-Pr3xe3U7YJ9kcoAzYygONDfFGQ10-wsBLiBFsGXlLZQZid3Szatu56qLg1oF5lQrkuU3XwXmmKsXOFupfX7Q&amp;__tn__=-R\" target=\"\" rel=\"theater\"><abbr class=\"_5ptz timestamp livetimestamp\" title=\"11.04.19, 10:34\"><span class=\"timestampContent\">7 Std.<\/span><\/abbr><\/a><\/span><\/span><span class=\"_6spk\"> \u00b7 <\/span><i class=\"lock img sp__EFZWPnvn_g sx_e8d220\"><\/i><\/div>\n<\/div>\n<\/div>\n<\/div>\n<\/div>\n<\/div>\n<\/div>\n<\/div>\n<div id=\"js_i\" class=\"_5pbx userContent _3576\">\n<p>Am Freitag, 24.5.19 veranstalten wir ein &#8222;Festival f\u00fcr den Weltfrieden&#8220;, dieses Thema umfasst alles wor\u00fcber wir zur Zeit diskutieren,- ob Europawahl, Grundgesetzt,Asyl&#8230;&#8230;&#8230;<br \/>\ndeshalb w\u00fcnschen wir uns, dass sich alle Aktiven an diesem Tag mit einbringen. Sei es durch Infost\u00e4nde, kleine Reden, Bunte St\u00e4nde oder als Besucher<\/p>\n<p>Geplant ist es ab 17:00Uhr zu beginnen. Es gibt Pizza aus dem Pizzaofen und Live Musik mit &#8222;NiceTimeBreeze&#8220;( Raggae HipHop mit arabisch und deutschem Rap mit Musikern aus Sudan) und worauf wir uns besonders freuen,- es kommt die Reggae\/Dancehall Band &#8222;Peace Development Crew&#8220;!!Als Gasts\u00e4nger ist speziell f\u00fcr diesen Auftritt der Jamaikaner ColahColah dabei.<\/p>\n<p>Wir freuen uns \u00fcber weitere Ideen zur Mit\/Gestaltung eines anregend,friedlich, harmonisches Zusammentreffens. Erst verschiedene Perspektiven ergeben das gesamte Bild. Doch oft bedarf es dazu eine Br\u00fccke zw. den Kulturen!<\/p>\n<\/div>\n<div class=\"_3x-2\">\n<div>\n<div class=\"mtm\">\n<div>\n<div class=\"_5cq3 _1ktf\">\n<div id=\"u_0_1x\" class=\"uiScaledImageContainer _4-ep\"><img loading=\"lazy\" decoding=\"async\" class=\"scaledImageFitWidth img aligncenter\" src=\"https:\/\/scontent.fmuc3-1.fna.fbcdn.net\/v\/t1.0-0\/p526x296\/56757264_2224680200931692_2020328018760695808_n.png?_nc_cat=107&amp;_nc_ht=scontent.fmuc3-1.fna&amp;oh=51de9e11425ffcf81b6d9baed34c8453&amp;oe=5D3A79C9\" alt=\"Keine Fotobeschreibung verf\u00fcgbar.\" width=\"500\" height=\"448\" \/><\/div>\n<\/div>\n<\/div>\n<\/div>\n<\/div>\n<\/div>\n<\/blockquote>\n","protected":false},"excerpt":{"rendered":"<p>(Quelle: https:\/\/www.facebook.com\/hausderkulturen\/posts\/2224680550931657) &nbsp; Zukunfts-Werkstatt e.V. im Haus der Kulturen 7 Std. \u00b7 Am Freitag, 24.5.19 veranstalten wir ein &#8222;Festival f\u00fcr den Weltfrieden&#8220;, dieses Thema umfasst alles wor\u00fcber wir zur Zeit diskutieren,- ob Europawahl, Grundgesetzt,Asyl&#8230;&#8230;&#8230; deshalb w\u00fcnschen wir uns, dass sich alle Aktiven an diesem Tag mit einbringen. Sei es durch Infost\u00e4nde, kleine Reden, Bunte St\u00e4nde &#8230; <a title=\"Haus der Kulturen: &#8222;Festival f\u00fcr den Weltfrieden&#8220;\" class=\"read-more\" href=\"https:\/\/rt-europaallee.de\/wordpress\/2019\/04\/haus-der-kulturen-festival-fuer-den-weltfrieden\/\" aria-label=\"Mehr Informationen \u00fcber Haus der Kulturen: &#8222;Festival f\u00fcr den Weltfrieden&#8220;\">Weiterlesen<\/a><\/p>\n","protected":false},"author":3,"featured_media":0,"comment_status":"closed","ping_status":"open","sticky":false,"template":"","format":"standard","meta":{"footnotes":""},"categories":[1],"tags":[],"class_list":["post-5157","post","type-post","status-publish","format-standard","hentry","category-allgemein"],"_links":{"self":[{"href":"https:\/\/rt-europaallee.de\/wordpress\/wp-json\/wp\/v2\/posts\/5157","targetHints":{"allow":["GET"]}}],"collection":[{"href":"https:\/\/rt-europaallee.de\/wordpress\/wp-json\/wp\/v2\/posts"}],"about":[{"href":"https:\/\/rt-europaallee.de\/wordpress\/wp-json\/wp\/v2\/types\/post"}],"author":[{"embeddable":true,"href":"https:\/\/rt-europaallee.de\/wordpress\/wp-json\/wp\/v2\/users\/3"}],"replies":[{"embeddable":true,"href":"https:\/\/rt-europaallee.de\/wordpress\/wp-json\/wp\/v2\/comments?post=5157"}],"version-history":[{"count":1,"href":"https:\/\/rt-europaallee.de\/wordpress\/wp-json\/wp\/v2\/posts\/5157\/revisions"}],"predecessor-version":[{"id":5159,"href":"https:\/\/rt-europaallee.de\/wordpress\/wp-json\/wp\/v2\/posts\/5157\/revisions\/5159"}],"wp:attachment":[{"href":"https:\/\/rt-europaallee.de\/wordpress\/wp-json\/wp\/v2\/media?parent=5157"}],"wp:term":[{"taxonomy":"category","embeddable":true,"href":"https:\/\/rt-europaallee.de\/wordpress\/wp-json\/wp\/v2\/categories?post=5157"},{"taxonomy":"post_tag","embeddable":true,"href":"https:\/\/rt-europaallee.de\/wordpress\/wp-json\/wp\/v2\/tags?post=5157"}],"curies":[{"name":"wp","href":"https:\/\/api.w.org\/{rel}","templated":true}]}}