{"id":5163,"date":"2019-04-14T12:11:23","date_gmt":"2019-04-14T10:11:23","guid":{"rendered":"http:\/\/rt-europaallee.org\/wordpress\/?p=5163"},"modified":"2019-04-14T12:11:23","modified_gmt":"2019-04-14T10:11:23","slug":"osterappell-zur-seenotrettung-von-zahlreichen-bundestagsabgeordneten","status":"publish","type":"post","link":"https:\/\/rt-europaallee.de\/wordpress\/2019\/04\/osterappell-zur-seenotrettung-von-zahlreichen-bundestagsabgeordneten\/","title":{"rendered":"Osterappell zur Seenotrettung von zahlreichen Bundestagsabgeordneten"},"content":{"rendered":"<p>(Quelle: <a href=\"https:\/\/www.facebook.com\/notes\/osterappell-zur-seenotrettung\/osterappell-zur-seenotrettung\/2368043376753915\/\">https:\/\/www.facebook.com\/notes\/osterappell-zur-seenotrettung\/osterappell-zur-seenotrettung\/2368043376753915\/<\/a>)<\/p>\n<p>Bitte Link \u00f6ffnen!<\/p>\n<h3>Zur Information:<\/h3>\n<blockquote>\n<div class=\"_39k2\">\n<div class=\"_4lmk _5s6c\">Osterappell zur Seenotrettung<\/div>\n<div class=\"_2yud clearfix\">\n<div class=\"lfloat\"><\/div>\n<div class=\"_3uhg\"><a class=\"_2yug\" href=\"https:\/\/www.facebook.com\/osterappell\/?eid=ARAMYzWR5aUhea9Wf-nTUhY2JFo4xI2l0AlFGhULJ44LdCLgX0X7aEk8ujey5ET9qUGuARyUZ-iMH1Yl\" target=\"_blank\" rel=\"noopener noreferrer\" data-hovercard-prefer-more-content-show=\"1\" data-hovercard=\"\/ajax\/hovercard\/page.php?id=2368028490088737&amp;extragetparams=%7B%22eid%22%3A%22ARAMYzWR5aUhea9Wf-nTUhY2JFo4xI2l0AlFGhULJ44LdCLgX0X7aEk8ujey5ET9qUGuARyUZ-iMH1Yl%22%7D\">Osterappell zur Seenotrettung<\/a><span class=\"_4_mg\">\u00b7<\/span><a class=\"_39g5\" href=\"https:\/\/www.facebook.com\/notes\/osterappell-zur-seenotrettung\/osterappell-zur-seenotrettung\/2368043376753915\/\">Freitag, 12. April 2019<\/a><\/p>\n<div class=\"_6a _29ee _43_1\" data-tooltip-content=\"Geteilt mit: \u00d6ffentlich\" data-hover=\"tooltip\"><\/div>\n<\/div>\n<\/div>\n<\/div>\n<div class=\"_39k5 _5s6c\">\n<div class=\"_2cuy _3dgx _2vxa\">Am 30. Juni 2000, vor fast 20 Jahren, bekannte sich der Deutsche Bundestag mit dem Osterappell \u201eHumanit\u00e4re Grunds\u00e4tze in der Fl\u00fcchtlingspolitik beachten\u201c zum umfassenden Fl\u00fcchtlingsschutz. Der von Christian Schwarz-Schilling (CDU) und Claudia Roth (B\u00fcndnis 90\/Die Gr\u00fcnen) initiierte Gruppenantrag fand breite Unterst\u00fctzung bei insgesamt 230 Abgeordneten aller damals im Bundestag vertretenen Fraktionen. Anlehnend an diesen Appell fordern wir heute als Abgeordnete des Deutschen Bundestages die Bundesregierung auf, sich f\u00fcr den Schutz von Menschenleben auf dem Mittelmeer und die Einhaltung der Menschenrechte einzusetzen.<\/div>\n<\/div>\n<div class=\"_2cuy _3dgx _2vxa\">&#8230;<\/div>\n<\/blockquote>\n","protected":false},"excerpt":{"rendered":"<p>(Quelle: https:\/\/www.facebook.com\/notes\/osterappell-zur-seenotrettung\/osterappell-zur-seenotrettung\/2368043376753915\/) Bitte Link \u00f6ffnen! Zur Information: Osterappell zur Seenotrettung Osterappell zur Seenotrettung\u00b7Freitag, 12. April 2019 Am 30. Juni 2000, vor fast 20 Jahren, bekannte sich der Deutsche Bundestag mit dem Osterappell \u201eHumanit\u00e4re Grunds\u00e4tze in der Fl\u00fcchtlingspolitik beachten\u201c zum umfassenden Fl\u00fcchtlingsschutz. Der von Christian Schwarz-Schilling (CDU) und Claudia Roth (B\u00fcndnis 90\/Die Gr\u00fcnen) initiierte Gruppenantrag fand &#8230; <a title=\"Osterappell zur Seenotrettung von zahlreichen Bundestagsabgeordneten\" class=\"read-more\" href=\"https:\/\/rt-europaallee.de\/wordpress\/2019\/04\/osterappell-zur-seenotrettung-von-zahlreichen-bundestagsabgeordneten\/\" aria-label=\"Mehr Informationen \u00fcber Osterappell zur Seenotrettung von zahlreichen Bundestagsabgeordneten\">Weiterlesen<\/a><\/p>\n","protected":false},"author":3,"featured_media":0,"comment_status":"closed","ping_status":"open","sticky":false,"template":"","format":"standard","meta":{"footnotes":""},"categories":[1],"tags":[],"class_list":["post-5163","post","type-post","status-publish","format-standard","hentry","category-allgemein"],"_links":{"self":[{"href":"https:\/\/rt-europaallee.de\/wordpress\/wp-json\/wp\/v2\/posts\/5163","targetHints":{"allow":["GET"]}}],"collection":[{"href":"https:\/\/rt-europaallee.de\/wordpress\/wp-json\/wp\/v2\/posts"}],"about":[{"href":"https:\/\/rt-europaallee.de\/wordpress\/wp-json\/wp\/v2\/types\/post"}],"author":[{"embeddable":true,"href":"https:\/\/rt-europaallee.de\/wordpress\/wp-json\/wp\/v2\/users\/3"}],"replies":[{"embeddable":true,"href":"https:\/\/rt-europaallee.de\/wordpress\/wp-json\/wp\/v2\/comments?post=5163"}],"version-history":[{"count":1,"href":"https:\/\/rt-europaallee.de\/wordpress\/wp-json\/wp\/v2\/posts\/5163\/revisions"}],"predecessor-version":[{"id":5164,"href":"https:\/\/rt-europaallee.de\/wordpress\/wp-json\/wp\/v2\/posts\/5163\/revisions\/5164"}],"wp:attachment":[{"href":"https:\/\/rt-europaallee.de\/wordpress\/wp-json\/wp\/v2\/media?parent=5163"}],"wp:term":[{"taxonomy":"category","embeddable":true,"href":"https:\/\/rt-europaallee.de\/wordpress\/wp-json\/wp\/v2\/categories?post=5163"},{"taxonomy":"post_tag","embeddable":true,"href":"https:\/\/rt-europaallee.de\/wordpress\/wp-json\/wp\/v2\/tags?post=5163"}],"curies":[{"name":"wp","href":"https:\/\/api.w.org\/{rel}","templated":true}]}}