{"id":5185,"date":"2019-04-14T13:04:17","date_gmt":"2019-04-14T11:04:17","guid":{"rendered":"http:\/\/rt-europaallee.org\/wordpress\/?p=5185"},"modified":"2019-04-14T13:16:41","modified_gmt":"2019-04-14T11:16:41","slug":"e-mail-von-annabel-konermann-bonveno-08-04-2019-die-welt-verbessern-warum-eigentlich-nicht","status":"publish","type":"post","link":"https:\/\/rt-europaallee.de\/wordpress\/2019\/04\/e-mail-von-annabel-konermann-bonveno-08-04-2019-die-welt-verbessern-warum-eigentlich-nicht\/","title":{"rendered":"E-Mail von Annabel Konermann\/ Bonveno (08.04.2019): &#8222;die Welt verbessern &#8211; warum eigentlich nicht?&#8220;"},"content":{"rendered":"<p>Weitergeleitete E- Mail von\u00a0<a href=\"mailto:rt-europaallee@gwhagenberg.de\">rt-europaallee@gwhagenberg.de<\/a> (13.04.2019):<\/p>\n<p>&nbsp;<\/p>\n<blockquote><p><strong>Gesendet:<\/strong>\u00a0Montag, 08. April 2019 um 18:18 Uhr<br \/>\n<strong>Von:<\/strong>\u00a0a.konermann@bonveno-goettingen.de<br \/>\n<strong>An:<\/strong>\u00a0a.konermann@bonveno-goettingen.de<br \/>\n<strong>Betreff:<\/strong>\u00a0die Welt verbessern &#8211; warum eigentlich nicht?<\/p>\n<p>Liebe Freunde!<\/p>\n<p>Vielen Dank f\u00fcr Ihr Interesse, Ihr Engagement, und Ihre Initiativen! Dank der innovativen Ideen der Unterst\u00fctzerInnen der Runden Tische Zieten und Europaallee und der Helfer kommen viele Projekte &amp; workshops zu Stande. Eine Kurzfristige Umsetzung Ihrer Ideen ist m\u00f6glich und bringt eine enorme Dynamik. Vielen Dank im Namen unserer 1.100 aktuellen &amp; ehemaligen BewohnerInnen f\u00fcr Ihr \u201ehands on\u201c Engagement, Ihre Hilfe beim Lebenslaufschreiben, bei der Suche nach Praktikum, Ausbildung und Arbeit, Wohnungssuche und der Begleitung bei Beh\u00f6rdeng\u00e4ngen. Ohne Sie st\u00e4nde G\u00f6ttingens Fl\u00fcchtlingsintegration nicht so erfolgreich da! Auch wenn Sie gelegentlich bestimmte Formen der Dankbarkeit vermissen. Ihr Einsatz wird sehr gesch\u00e4tzt.<\/p>\n<p>&nbsp;<\/p>\n<p>Fahrrad-Kurs f\u00fcr Frauen<\/p>\n<p>Helfen Sie beim Anschieben?<\/p>\n<p>Fl\u00fcchtlings-Unterkunft, Europaallee 1 a-e, t\u00e4glich 16-18 Uhr Mittwoch, 24.4., Donnerstag, 25.4., Freitag, 26.4. Mittwoch, 29.4., Dienstag, 30.4., Donnerstag, 3.5.<\/p>\n<p>mit 12 BewohnerInnen! Fahrr\u00e4der und Helme sind vorhanden! Mit den ehrenamtlichen Lehrern Regine (ADFC), Nagham, Baki &amp; Matthias<\/p>\n<p>&nbsp;<\/p>\n<ul>\n<li>\u00a0 Astrid &amp; Sakhiles Familie<\/li>\n<\/ul>\n<p>&nbsp;<\/p>\n<p>Weltb\u00fcrgertreffpunkt Mit dem\u00a0Weltb\u00fcrgertreffpunk,\u00a0eine Integrationsinitiative des Vereins <em>Partnerschaft f\u00fcr l\u00e4ndliche Entwicklung in Afrika e.V.<\/em> ist G\u00f6ttingen um eine gute Anlaufstelle reicher. In diesem Treffpunkt\u00a0bietet Dr. Denis Coulibaly mit seinem Team Migranten Grundinformationen \u00fcber das Leben in Deutschland insbesondere in G\u00f6ttingen. Er ist ein Br\u00fcckenbauer mit Herz, der als Agrarwissenschaftler aus Mali bis jetzt Entwicklungshilfe f\u00fcr Afrika geleistet hat. Da wir jetzt zunehmend Entwicklungshilfe mitten in G\u00f6ttingen ben\u00f6tigen, hat er hier in der Innenstadt zwischen der Stadtbibliothek und dem K\u00fcnstlerhaus den Weltb\u00fcrgertreffpunkt aufgebaut. Es ist ein <em>Welcome Center<\/em> f\u00fcr alle, die infrastrukturell, emotional, psychologisch und seelisch \u00fcberfordert sind mit dieser ihr so neuen Welt. Mit asylrechtlichen &amp; Unterhalts-Fragen sind alle weiterhin beim Migrationszentrum und bei den diversen SGB II-Beratungsstellen richtig aufgehoben. Viele afrikanische BewohnerInnen nutzen dieses Angebot. Auch zum Verabreden f\u00fcr Deutsch-Nachhilfe ist es ein guter Ort. Seit dem 1. April bietet das ehrenamtliche Team aus Migranten auch Computerkurse an, siehe Anhang.<\/p>\n<p>Adresse: Gotmarstrasse 4, <a href=\"mailto:wbtp-goettingen@plea-ev.de\">wbtp-goettingen@plea-ev.de<\/a>, 0551 488 889 22, ge\u00f6ffnet: Montag bis Samstag, 10-18 Uhr<\/p>\n<p>&nbsp;<\/p>\n<ul>\n<li>\u00a0Dorothee gibt Amin Nachhilfe f\u00fcr die Berufsschule<\/li>\n<\/ul>\n<p>Was denkst Du? Morteza: \u201cDeutschland ist sch\u00f6n, hier gibt es keine Gefahren. Hier kann ich alleine \u00fcber alles nachdenken. Ich darf alles kritisieren, was ich will. Auch nachts kann man auf die Stra\u00dfe gehen ohne Angst.\u201c<\/p>\n<p>Fadi: \u201eWir haben alles verloren, es bleibt uns nur die Zukunft der Kinder\u201c<\/p>\n<p>Teklit: \u201eHier habe ich gelernt, wie eine Demokratie praktisch funktioniert. In meiner Heimat Eritrea wissen die meisten Menschen gar nicht, dass es L\u00e4nder mit Demokratie gibt. Sie sind komplett abgeschnitten von der Welt. Es gibt nur eine Zeitung und nur einen Fernsehkanal dort. Hier sehe ich, dass sich Menschen um andere Menschen k\u00fcmmern. Die Menschen hier haben vor einander Respekt. Sie wissen, dass ihre Freiheit nicht grenzenlos ist. Sie d\u00fcrfen andere Menschen nicht verletzten. Das ist Demokratie.\u201c<\/p>\n<p>Anita, 14 J.: \u201eAn Deutschland gef\u00e4llt mir, dass alle in die Schule gehen und selber entscheiden k\u00f6nnen, was sie sp\u00e4ter einmal machen wollen. Neulich hat mit jemand \u201eSchei\u00df Ausl\u00e4nder\u201c hinter her gerufen. Das hat mir Angst gemacht. Aber sonst sind die Deutschen meist sehr freundlich.\u201c<\/p>\n<p>&nbsp;<\/p>\n<ul>\n<li>\u00a0Jesaja, ein neuer G\u00f6ttinger<\/li>\n<\/ul>\n<p>&nbsp;<\/p>\n<p>Wir suchen f\u00fcr die jungen Frauen Shelan, Sebah und Elodie jeweils eine Ehrenamtliche, die gelegentlich Zeit hat.<\/p>\n<p>Und f\u00fcr Mansour, Edrisa und Javad suchen wir drei gute Gespr\u00e4chspartner.<\/p>\n<p>&nbsp;<\/p>\n<p>Sie wollen helfen? Bitte schreiben Sie der Patenschaftskoordinatorin, Manar Elmasmari, <a href=\"mailto:m.elmasmari@bonveno-goettingen.de\">m.elmasmari@bonveno-goettingen.de<\/a>, wenn Sie sich entschlie\u00dfen, den BewohnerInnen zur Seite zu stehen.<\/p>\n<p>Ich bin jetzt bis Ostern im Urlaub und ab dem 2. Mai arbeite ich als Integrations-Moderatorin in der IHK.<\/p>\n<p>&nbsp;<\/p>\n<p>Interessante Links<\/p>\n<p><a href=\"https:\/\/bonveno-goettingen.de\/friedensarbeit-mit-samah-al-jundi-pfaff\/\">Friedensarbeit mit Samah Al Jundi-Pfaff<\/a><a href=\"http:\/\/www.bpb.de\/politik\/grundfragen\/politik-einfach-fuer-alle\/236616\/die-grundrechte\">Grundgesetz in einfacher Sprache, bpb<\/a><\/p>\n<p>&nbsp;<\/p>\n<ul>\n<li>\u00a0Hilde &amp; Fanta beim Deutsch lernen<\/li>\n<\/ul>\n<p>Anhang: Antrag auf Fahrtkostenerstattung, Bonveno Antrag auf Auslagenerstattung, Bonveno<\/p>\n<p>Jobcenter zu Gast auf den Zieten Quartalsprogramm, Museum Friedland Workshop, Selbstbestimmtes Wohnen, Stadt G\u00f6ttingen Weltb\u00fcrgertreffpunkt, Computerkurse<\/p>\n<p>&nbsp;<\/p>\n<p>Herzliche Gr\u00fc\u00dfe und frohe Ostertage!<\/p>\n<p>Annabel Konermann<\/p>\n<p>&nbsp;<\/p>\n<p>Koordination Ehrenamt &amp; Integration<\/p>\n<p>0176-620 497 35, 0551-250 305 59<\/p>\n<p><a href=\"mailto:a.konermann@bonveno-goettingen.de\">a.konermann@bonveno-goettingen.de<\/a><\/p>\n<p><a href=\"http:\/\/www.bonveno-goettingen.de\/\">www.Bonveno-Goettingen.de<\/a> \u00a0 \u00a0 \u00a0 \u00a0 \u00a0 \u00a0 \u00a0 \u00a0\u00a0 &#8218;<br \/>\nFl\u00fcchtlingsbetreuung in: Hannah-Vogt-Stra\u00dfe 10, Europaallee 1 a-e<\/p>\n<p><strong>Bonveno<\/strong>\u00a0 gemeinn\u00fctzige GmbH von: AWO, Caritas, Diakonie, DRK, Parit\u00e4tischer Wohlfahrtsverband<\/p><\/blockquote>\n<p>&nbsp;<\/p>\n<ul>\n<li>Hinweis: die eingef\u00fcgten Bilder\/ Fotos sind nicht \u00fcbertragbar!<\/li>\n<\/ul>\n<p>&nbsp;<\/p>\n<p>Anh\u00e4nge:<\/p>\n<p><a href=\"http:\/\/rt-europaallee.org\/wordpress\/wp-content\/uploads\/2019\/04\/Antrag-Erstattung-2019-04.docx\">http:\/\/rt-europaallee.org\/wordpress\/wp-content\/uploads\/2019\/04\/Antrag-Erstattung-2019-04.docx<\/a><\/p>\n<p><a href=\"http:\/\/rt-europaallee.org\/wordpress\/wp-content\/uploads\/2019\/04\/Antrag-Erstattung.pdf\">http:\/\/rt-europaallee.org\/wordpress\/wp-content\/uploads\/2019\/04\/Antrag-Erstattung.pdf<\/a><\/p>\n<p><a href=\"http:\/\/rt-europaallee.org\/wordpress\/wp-content\/uploads\/2019\/04\/Jobcenter-zu-Gast-27.2.2019.pdf\">http:\/\/rt-europaallee.org\/wordpress\/wp-content\/uploads\/2019\/04\/Jobcenter-zu-Gast-27.2.2019.pdf<\/a><\/p>\n<p><a href=\"http:\/\/rt-europaallee.org\/wordpress\/wp-content\/uploads\/2019\/04\/Quartalsprogramm_Museum-Friedland.pdf\">http:\/\/rt-europaallee.org\/wordpress\/wp-content\/uploads\/2019\/04\/Quartalsprogramm_Museum-Friedland.pdf<\/a><\/p>\n<p><a href=\"http:\/\/rt-europaallee.org\/wordpress\/wp-content\/uploads\/2019\/04\/WBTP-Computerkurse-.pdf\">http:\/\/rt-europaallee.org\/wordpress\/wp-content\/uploads\/2019\/04\/WBTP-Computerkurse-.pdf<\/a><\/p>\n","protected":false},"excerpt":{"rendered":"<p>Weitergeleitete E- Mail von\u00a0rt-europaallee@gwhagenberg.de (13.04.2019): &nbsp; Gesendet:\u00a0Montag, 08. April 2019 um 18:18 Uhr Von:\u00a0a.konermann@bonveno-goettingen.de An:\u00a0a.konermann@bonveno-goettingen.de Betreff:\u00a0die Welt verbessern &#8211; warum eigentlich nicht? Liebe Freunde! Vielen Dank f\u00fcr Ihr Interesse, Ihr Engagement, und Ihre Initiativen! Dank der innovativen Ideen der Unterst\u00fctzerInnen der Runden Tische Zieten und Europaallee und der Helfer kommen viele Projekte &amp; workshops zu &#8230; <a title=\"E-Mail von Annabel Konermann\/ Bonveno (08.04.2019): &#8222;die Welt verbessern &#8211; warum eigentlich nicht?&#8220;\" class=\"read-more\" href=\"https:\/\/rt-europaallee.de\/wordpress\/2019\/04\/e-mail-von-annabel-konermann-bonveno-08-04-2019-die-welt-verbessern-warum-eigentlich-nicht\/\" aria-label=\"Mehr Informationen \u00fcber E-Mail von Annabel Konermann\/ Bonveno (08.04.2019): &#8222;die Welt verbessern &#8211; warum eigentlich nicht?&#8220;\">Weiterlesen<\/a><\/p>\n","protected":false},"author":3,"featured_media":0,"comment_status":"closed","ping_status":"open","sticky":false,"template":"","format":"standard","meta":{"footnotes":""},"categories":[1],"tags":[],"class_list":["post-5185","post","type-post","status-publish","format-standard","hentry","category-allgemein"],"_links":{"self":[{"href":"https:\/\/rt-europaallee.de\/wordpress\/wp-json\/wp\/v2\/posts\/5185","targetHints":{"allow":["GET"]}}],"collection":[{"href":"https:\/\/rt-europaallee.de\/wordpress\/wp-json\/wp\/v2\/posts"}],"about":[{"href":"https:\/\/rt-europaallee.de\/wordpress\/wp-json\/wp\/v2\/types\/post"}],"author":[{"embeddable":true,"href":"https:\/\/rt-europaallee.de\/wordpress\/wp-json\/wp\/v2\/users\/3"}],"replies":[{"embeddable":true,"href":"https:\/\/rt-europaallee.de\/wordpress\/wp-json\/wp\/v2\/comments?post=5185"}],"version-history":[{"count":3,"href":"https:\/\/rt-europaallee.de\/wordpress\/wp-json\/wp\/v2\/posts\/5185\/revisions"}],"predecessor-version":[{"id":5188,"href":"https:\/\/rt-europaallee.de\/wordpress\/wp-json\/wp\/v2\/posts\/5185\/revisions\/5188"}],"wp:attachment":[{"href":"https:\/\/rt-europaallee.de\/wordpress\/wp-json\/wp\/v2\/media?parent=5185"}],"wp:term":[{"taxonomy":"category","embeddable":true,"href":"https:\/\/rt-europaallee.de\/wordpress\/wp-json\/wp\/v2\/categories?post=5185"},{"taxonomy":"post_tag","embeddable":true,"href":"https:\/\/rt-europaallee.de\/wordpress\/wp-json\/wp\/v2\/tags?post=5185"}],"curies":[{"name":"wp","href":"https:\/\/api.w.org\/{rel}","templated":true}]}}