{"id":5337,"date":"2019-05-13T11:56:02","date_gmt":"2019-05-13T09:56:02","guid":{"rendered":"http:\/\/rt-europaallee.org\/wordpress\/?p=5337"},"modified":"2019-05-13T11:56:47","modified_gmt":"2019-05-13T09:56:47","slug":"info-aktionsprogramm-zu-innenministerkonferenz-imk-in-schleswig-holstein-kiel","status":"publish","type":"post","link":"https:\/\/rt-europaallee.de\/wordpress\/2019\/05\/info-aktionsprogramm-zu-innenministerkonferenz-imk-in-schleswig-holstein-kiel\/","title":{"rendered":"Info: Aktionsprogramm zu Innenministerkonferenz (IMK) in Schleswig Holstein (Kiel)"},"content":{"rendered":"<p>(Quelle: <a href=\"https:\/\/www.facebook.com\/groups\/441355579370337\/permalink\/1120112541494634\/\">https:\/\/www.facebook.com\/groups\/441355579370337\/permalink\/1120112541494634\/<\/a>)<\/p>\n<p>&nbsp;<\/p>\n<blockquote>\n<div class=\"k_14zndmo95b n_14zndms7pi clearfix\">\n<div class=\"clearfix j_14zndmo7cw\">\n<div class=\"clearfix _42ef\">\n<div class=\"h_14zndmo7cv\">\n<div>\n<div class=\"_6a _5u5j\">\n<div class=\"_6a _5u5j _6b\">\n<h5 id=\"js_w7\" class=\"_7tae _14f3 _14f5 _5pbw _5vra\" data-ft=\"{&quot;tn&quot;:&quot;C&quot;}\"><span class=\"fwn fcg\"><span class=\"fcg\"><span class=\"fwb\"><a class=\"profileLink\" href=\"https:\/\/www.facebook.com\/mahna1975?fref=gs&amp;__tn__=%2CdlC-R-R&amp;eid=ARD2fl5LSMh-3tK2IzasPmx46EsG4sxyxM66ldGHb7Zo7sfWHWLaTA-wWTvs-R72icWgGUifwYvkifYf&amp;hc_ref=ARQIK-Q-o2KmlOllzTRsqqscW9T9Lpanbg0Ja8JDvfjCgUQk3haxMHAVwcfCFAU8hTQ&amp;dti=441355579370337&amp;hc_location=group\" data-ft=\"{&quot;tn&quot;:&quot;l&quot;}\" data-hovercard=\"\/ajax\/hovercard\/user.php?id=100001227231069&amp;extragetparams=%7B%22__tn__%22%3A%22%2CdlC-R-R%22%2C%22eid%22%3A%22ARD2fl5LSMh-3tK2IzasPmx46EsG4sxyxM66ldGHb7Zo7sfWHWLaTA-wWTvs-R72icWgGUifwYvkifYf%22%2C%22hc_ref%22%3A%22ARQIK-Q-o2KmlOllzTRsqqscW9T9Lpanbg0Ja8JDvfjCgUQk3haxMHAVwcfCFAU8hTQ%22%2C%22directed_target_id%22%3A441355579370337%2C%22fref%22%3A%22gs%22%2C%22dti%22%3A441355579370337%2C%22hc_location%22%3A%22group%22%7D\" data-hovercard-prefer-more-content-show=\"1\" data-hovercard-referer=\"ARQIK-Q-o2KmlOllzTRsqqscW9T9Lpanbg0Ja8JDvfjCgUQk3haxMHAVwcfCFAU8hTQ\">Ria Houriaj Limam<\/a><\/span> hat einen <a href=\"https:\/\/www.facebook.com\/groups\/441355579370337\/permalink\/1120112541494634\/\" data-ft=\"{&quot;tn&quot;:&quot;-U&quot;}\">Link<\/a> geteilt.<\/span><\/span><\/h5>\n<div id=\"feed_subtitle_1120112541494634:6:0\" class=\"_5pcp _5lel _2jyu _232_\" data-testid=\"story-subtitle\"><span class=\"g_14zndmncnm\"><span class=\"fsm fwn fcg\"><a class=\"_5pcq\" href=\"https:\/\/www.facebook.com\/groups\/441355579370337\/permalink\/1120112541494634\/\" target=\"\"><abbr class=\"_5ptz timestamp livetimestamp\" title=\"12.05.19, 21:44\" data-utime=\"1557690296\" data-shorten=\"1\"><span id=\"js_w8\" class=\"timestampContent\">13 Std.<\/span><\/abbr><\/a><\/span><\/span><\/div>\n<\/div>\n<\/div>\n<\/div>\n<\/div>\n<\/div>\n<\/div>\n<\/div>\n<div id=\"js_w9\" class=\"_5pbx userContent _3576\" data-ft=\"{&quot;tn&quot;:&quot;K&quot;}\" data-testid=\"post_message\">\n<p>Zur IMK in Kiel <a class=\"_58cn\" href=\"https:\/\/www.facebook.com\/hashtag\/hiergeblieben?source=feed_text&amp;epa=HASHTAG\" data-ft=\"{&quot;type&quot;:104,&quot;tn&quot;:&quot;*N&quot;}\"><span class=\"_5afx\"><span class=\"_58cl _5afz\">#<\/span><span class=\"_58cm\">Hiergeblieben<\/span><\/span><\/a> &#8211; Gegen Abschiebung, Polizeiallmacht und Rassismus<\/p>\n<p>vom 12. bis zum 14. Juni 2019 treffen sich in diesem Jahr die Innenminister aus Bund- und L\u00e4ndern in Kiel. Als Vorsitzland hat Schleswig-Holstein die Aufgabe die diesj\u00e4hrigen Innenministerkonferenzen (IMK) auszurichten. Die bevorstehende Konferenz k\u00f6nnte zur Vorbereitung weiterer erheblicher Versch\u00e4rfungen der Fl\u00fcchtlings- und Migrationspolitik werden. Unter anderem wurde die Ausweitung von Abschiebungen ins Kriegsland Afghanistan im letzten Winter auf diesen Termin vertagt. Einige Innenminister parlieren inzwischen \u00f6ffentlich selbst \u00fcber Abschiebungen nach Syrien.<\/p>\n<p>Dazu werden wir nicht schweigen. Wir fordern ein angstfreies Leben und Bleiberecht f\u00fcr alle Gefl\u00fcchteten sowie das Ende der Kriminalisierungsversuche solidarischen Engagements von B\u00fcrger*innen!<\/p>\n<p>Der Fl\u00fcchtlingsrat unterst\u00fctzt das Aktionsprogramm zur IMK von Jugendliche ohne Grenzen und ruft mit auf zur gemeinsamen Demonstration in Kiel.<\/p>\n<p>Programm anl\u00e4sslich der Innenministerkonferenz in Kiel<\/p>\n<p>Mittwoch I 12. Juni 2019 I Platz der Kieler Matrose<br \/>\nDemo #Hiergeblieben<br \/>\nDonnerstag I 13. Juni 2019 I Landeshaus Kiel<br \/>\nLandespressekonferenz<br \/>\nDonnerstag I 13. Juni 2019 I Theater am Wilhelmplatz 2<br \/>\nGalaabend, Auszeichnung von Initiativen und Verleihung des &#8222;Abschiebeministers des Jahres 2019&#8220;<br \/>\nZu den Veranstaltungen sind alle Mitstreiter*innen, Betroffene und besonders Gefl\u00fcchtete sehr herzlich eingeladen. Gemeinsam sind wir laut gegen Kriminalisierungsversuche von Schutzsuchenden und ihren Unterst\u00fctzer*innen, gegen unmenschliche Internierungs- und Abschiebungspl\u00e4ne und f\u00fcr eine solidarische, offene und vielf\u00e4ltige Gesellschaft. Die Demonstration #Hiergeblieben startet am Mittwoch, den 12. Juni um 18:00 Uhr am Platz der Kieler Matrosen.<\/p>\n<p>Der Demonstrationsaufruf kann durch Meldung an public@frsh.de weiterhin unterzeichnet werden.<\/p>\n<p>Der Galaabend am Donnerstag, den 13. Juni um 18 Uhr im Theater am Wilhelmplatz in Kiel h\u00e4lt ein buntes Programm f\u00fcr alle Sinne bereit. Herausragende Initiativen werden ausgezeichnet und au\u00dferdem der \u201eAbschiebeminister des Jahres 2019\u201c gew\u00e4hlt.<\/p>\n<p>Wir freuen uns auf Sie und euch!<\/p>\n<p>Weitere Informationen auch unter <a href=\"http:\/\/www.jogspace.net\/?fbclid=IwAR2kN3pX38UHdDFIzMFLLDjpaB96mFl7_3GeF-VL14FyiT2irWgeUzcBcm8\" target=\"_blank\" rel=\"nofollow noopener noreferrer\" data-ft=\"{&quot;tn&quot;:&quot;-U&quot;}\" data-lynx-mode=\"asynclazy\" data-lynx-uri=\"https:\/\/l.facebook.com\/l.php?u=http%3A%2F%2Fwww.jogspace.net%2F%3Ffbclid%3DIwAR2kN3pX38UHdDFIzMFLLDjpaB96mFl7_3GeF-VL14FyiT2irWgeUzcBcm8&amp;h=AT2Rb3eHPdWWyFBgyMlDQjzX12Iq2JrIuZ6hMASbPawv4ZGr3T6nQUusYZMEz6QUmqQlwq7okxqKuw_I_8ifbEUo2Cfq-3aUtzSNN2EbCwGhfQlgnIMXU1yMsFHO5CHYvwM6OkJnjGkK0Mj5yAczm1ff\">www.jogspace.net<\/a> und auf <a href=\"http:\/\/www.frsh.de\/?fbclid=IwAR3xcLjOR4uIJotrnjzHbP3nI5Vgqus0tif82FxD88_ojJD9Nyzqf5LZVvM\" target=\"_blank\" rel=\"nofollow noopener noreferrer\" data-ft=\"{&quot;tn&quot;:&quot;-U&quot;}\" data-lynx-mode=\"asynclazy\" data-lynx-uri=\"https:\/\/l.facebook.com\/l.php?u=http%3A%2F%2Fwww.frsh.de%2F%3Ffbclid%3DIwAR3xcLjOR4uIJotrnjzHbP3nI5Vgqus0tif82FxD88_ojJD9Nyzqf5LZVvM&amp;h=AT3-v00axZDKd2SRk3TjzFwxYNTh7akcWxCK1vgYdFdA1hd3EvLgJ_cjF1DHIQgA3pJXWNXBB2KbWejbX9x6_-7_jevXzv7R_nhf0tyraQqttsZXm0Yy0GqCTfXYSN1R35-OisgoGtygKBWEpqesNNi9\">www.frsh.de.<\/a><\/p>\n<\/div>\n<div class=\"_3x-2\" data-ft=\"{&quot;tn&quot;:&quot;H&quot;}\">\n<div data-ft=\"{&quot;tn&quot;:&quot;H&quot;}\">\n<div class=\"mtm\">\n<div id=\"u_jsonp_4_s\" class=\"_6m2 _1zpr clearfix _dcs _4_w4 _41u- _59ap _2bf7 _64lx _3eqz _20pq _3eqw _2rk1 _359m _1-9r\" data-ft=\"{&quot;tn&quot;:&quot;H&quot;}\">\n<div class=\"clearfix _2r3x\">\n<div class=\"lfloat _ohe\">\n<div class=\"_63yw\"><\/div>\n<div class=\"_3ekx _29_4\">\n<div class=\"_6m3 _--6\">\n<div class=\"_59tj _2iau\">\n<div>\n<div class=\"_6lz _6mb _1t62 ellipsis\">jogspace.net<\/div>\n<div><\/div>\n<\/div>\n<\/div>\n<div class=\"_3n1k\">\n<div class=\"mbs _6m6 _2cnj _5s6c\"><a href=\"https:\/\/l.facebook.com\/l.php?u=http%3A%2F%2Fwww.jogspace.net%2F%3Ffbclid%3DIwAR3J-xREBRnXvY5N4r3ZmCuefEzzKK3Vgup4rhmRmKoBGtkP4s98w0ufpgc&amp;h=AT1sq-GAZIq-NJzMVM4u0Vfy_oyIPfnikdBybrK5IQxKiXLPZfmmwiY2r4Mq6Aighpk0MRDPpOvK-RKf8dyc97vZZIcCmlL3Erf47Iz4NpOIi7LDJ7downOy6O7TxiEkzJUIpjAPW9Lp\" target=\"_blank\" rel=\"nofollow noopener noreferrer\" data-lynx-mode=\"asynclazy\">Jugendliche ohne Grenzen | Fighting for Bleiberecht since 2005<\/a><\/div>\n<\/div>\n<\/div>\n<\/div>\n<\/div>\n<\/div>\n<\/div>\n<\/div>\n<\/div>\n<\/div>\n<\/blockquote>\n","protected":false},"excerpt":{"rendered":"<p>(Quelle: https:\/\/www.facebook.com\/groups\/441355579370337\/permalink\/1120112541494634\/) &nbsp; Ria Houriaj Limam hat einen Link geteilt. 13 Std. Zur IMK in Kiel #Hiergeblieben &#8211; Gegen Abschiebung, Polizeiallmacht und Rassismus vom 12. bis zum 14. Juni 2019 treffen sich in diesem Jahr die Innenminister aus Bund- und L\u00e4ndern in Kiel. Als Vorsitzland hat Schleswig-Holstein die Aufgabe die diesj\u00e4hrigen Innenministerkonferenzen (IMK) auszurichten. Die &#8230; <a title=\"Info: Aktionsprogramm zu Innenministerkonferenz (IMK) in Schleswig Holstein (Kiel)\" class=\"read-more\" href=\"https:\/\/rt-europaallee.de\/wordpress\/2019\/05\/info-aktionsprogramm-zu-innenministerkonferenz-imk-in-schleswig-holstein-kiel\/\" aria-label=\"Mehr Informationen \u00fcber Info: Aktionsprogramm zu Innenministerkonferenz (IMK) in Schleswig Holstein (Kiel)\">Weiterlesen<\/a><\/p>\n","protected":false},"author":3,"featured_media":0,"comment_status":"closed","ping_status":"open","sticky":false,"template":"","format":"standard","meta":{"footnotes":""},"categories":[1],"tags":[],"class_list":["post-5337","post","type-post","status-publish","format-standard","hentry","category-allgemein"],"_links":{"self":[{"href":"https:\/\/rt-europaallee.de\/wordpress\/wp-json\/wp\/v2\/posts\/5337","targetHints":{"allow":["GET"]}}],"collection":[{"href":"https:\/\/rt-europaallee.de\/wordpress\/wp-json\/wp\/v2\/posts"}],"about":[{"href":"https:\/\/rt-europaallee.de\/wordpress\/wp-json\/wp\/v2\/types\/post"}],"author":[{"embeddable":true,"href":"https:\/\/rt-europaallee.de\/wordpress\/wp-json\/wp\/v2\/users\/3"}],"replies":[{"embeddable":true,"href":"https:\/\/rt-europaallee.de\/wordpress\/wp-json\/wp\/v2\/comments?post=5337"}],"version-history":[{"count":2,"href":"https:\/\/rt-europaallee.de\/wordpress\/wp-json\/wp\/v2\/posts\/5337\/revisions"}],"predecessor-version":[{"id":5339,"href":"https:\/\/rt-europaallee.de\/wordpress\/wp-json\/wp\/v2\/posts\/5337\/revisions\/5339"}],"wp:attachment":[{"href":"https:\/\/rt-europaallee.de\/wordpress\/wp-json\/wp\/v2\/media?parent=5337"}],"wp:term":[{"taxonomy":"category","embeddable":true,"href":"https:\/\/rt-europaallee.de\/wordpress\/wp-json\/wp\/v2\/categories?post=5337"},{"taxonomy":"post_tag","embeddable":true,"href":"https:\/\/rt-europaallee.de\/wordpress\/wp-json\/wp\/v2\/tags?post=5337"}],"curies":[{"name":"wp","href":"https:\/\/api.w.org\/{rel}","templated":true}]}}