{"id":5341,"date":"2019-05-13T12:27:58","date_gmt":"2019-05-13T10:27:58","guid":{"rendered":"http:\/\/rt-europaallee.org\/wordpress\/?p=5341"},"modified":"2019-05-13T15:05:32","modified_gmt":"2019-05-13T13:05:32","slug":"unicef-aktion-fuer-syrische-fluechtlingskinder","status":"publish","type":"post","link":"https:\/\/rt-europaallee.de\/wordpress\/2019\/05\/unicef-aktion-fuer-syrische-fluechtlingskinder\/","title":{"rendered":"Unicef Aktion f\u00fcr syrische Fl\u00fcchtlingskinder"},"content":{"rendered":"<p>Aus Facebookgruppe &#8222;Fl\u00fcchtlingshilfe Landkreis G\u00f6ttingen&#8220;:\u00a0<a href=\"https:\/\/www.facebook.com\/groups\/344404895746253\/permalink\/1102622189924516\/\">https:\/\/www.facebook.com\/groups\/344404895746253\/permalink\/1102622189924516\/<\/a><\/p>\n<p>&nbsp;<\/p>\n<blockquote>\n<div id=\"js_a\" class=\"_5pbx userContent _3ds9 _3576\" data-ft=\"{&quot;tn&quot;:&quot;K&quot;}\" data-testid=\"post_message\">\n<p>Aus email Verteiler:<br \/>\nVon: UNICEF G\u00f6ttingen &lt;info@goettingen.unicef.de<br \/>\n&gt; Datum: 10. Mai 2019 um 09:36<\/p>\n<p>&gt; Betreff: Unicef Aktion f\u00fcr syrische Fl\u00fcchtlingskinder<\/p>\n<p>Liebe Unterst\u00fctzer vom Runden Tisch Zieten,<\/p>\n<p>Wir haben wieder einmal eine Unicef Aktion zugunsten von syrischen Fl\u00fcchtlingskindern geplant:<\/p>\n<p>Am Samtag, den 22. Juni werden wir im Wohnhaus der G\u00f6ttinger Werkst\u00e4tten (Ehrengard-Schramm-Weg 15) mit den Bewohnern und ihren Betreuern, mit Fl\u00fcchtlingen und ehrenamtlichen Unicef Mitgliedern ein Mittagessen nach syrischen Rezepten erstellen (sehr lecker, schon mehrfach ausprobiert!).<\/p>\n<p>Wir suchen Sponsoren, die gegen eine Spende zugunsten von syrischen Fl\u00fcchtlingskindern in Syrien am Essen teilnehmen und dabei bestimmt viel Spa\u00df haben. Das Essen wird von 12:00 &#8211; 14:00 stattfinden, es ist auch f\u00fcr Kinder geeignet.<\/p>\n<p>Bitte meldet Euch bei uns unter info(at)goettingen.unicef.de<\/p>\n<p>Wir freuen uns \u00fcber viele Unterst\u00fctzer!<\/p>\n<p>Hans-Joachim Merrem<\/p>\n<p>Unicef Arbeitsgruppe G\u00f6ttingen<\/p>\n<\/div>\n<\/blockquote>\n","protected":false},"excerpt":{"rendered":"<p>Aus Facebookgruppe &#8222;Fl\u00fcchtlingshilfe Landkreis G\u00f6ttingen&#8220;:\u00a0https:\/\/www.facebook.com\/groups\/344404895746253\/permalink\/1102622189924516\/ &nbsp; Aus email Verteiler: Von: UNICEF G\u00f6ttingen &lt;info@goettingen.unicef.de &gt; Datum: 10. Mai 2019 um 09:36 &gt; Betreff: Unicef Aktion f\u00fcr syrische Fl\u00fcchtlingskinder Liebe Unterst\u00fctzer vom Runden Tisch Zieten, Wir haben wieder einmal eine Unicef Aktion zugunsten von syrischen Fl\u00fcchtlingskindern geplant: Am Samtag, den 22. Juni werden wir im Wohnhaus der &#8230; <a title=\"Unicef Aktion f\u00fcr syrische Fl\u00fcchtlingskinder\" class=\"read-more\" href=\"https:\/\/rt-europaallee.de\/wordpress\/2019\/05\/unicef-aktion-fuer-syrische-fluechtlingskinder\/\" aria-label=\"Mehr Informationen \u00fcber Unicef Aktion f\u00fcr syrische Fl\u00fcchtlingskinder\">Weiterlesen<\/a><\/p>\n","protected":false},"author":3,"featured_media":0,"comment_status":"closed","ping_status":"open","sticky":false,"template":"","format":"standard","meta":{"footnotes":""},"categories":[1],"tags":[],"class_list":["post-5341","post","type-post","status-publish","format-standard","hentry","category-allgemein"],"_links":{"self":[{"href":"https:\/\/rt-europaallee.de\/wordpress\/wp-json\/wp\/v2\/posts\/5341","targetHints":{"allow":["GET"]}}],"collection":[{"href":"https:\/\/rt-europaallee.de\/wordpress\/wp-json\/wp\/v2\/posts"}],"about":[{"href":"https:\/\/rt-europaallee.de\/wordpress\/wp-json\/wp\/v2\/types\/post"}],"author":[{"embeddable":true,"href":"https:\/\/rt-europaallee.de\/wordpress\/wp-json\/wp\/v2\/users\/3"}],"replies":[{"embeddable":true,"href":"https:\/\/rt-europaallee.de\/wordpress\/wp-json\/wp\/v2\/comments?post=5341"}],"version-history":[{"count":1,"href":"https:\/\/rt-europaallee.de\/wordpress\/wp-json\/wp\/v2\/posts\/5341\/revisions"}],"predecessor-version":[{"id":5342,"href":"https:\/\/rt-europaallee.de\/wordpress\/wp-json\/wp\/v2\/posts\/5341\/revisions\/5342"}],"wp:attachment":[{"href":"https:\/\/rt-europaallee.de\/wordpress\/wp-json\/wp\/v2\/media?parent=5341"}],"wp:term":[{"taxonomy":"category","embeddable":true,"href":"https:\/\/rt-europaallee.de\/wordpress\/wp-json\/wp\/v2\/categories?post=5341"},{"taxonomy":"post_tag","embeddable":true,"href":"https:\/\/rt-europaallee.de\/wordpress\/wp-json\/wp\/v2\/tags?post=5341"}],"curies":[{"name":"wp","href":"https:\/\/api.w.org\/{rel}","templated":true}]}}