{"id":5439,"date":"2019-05-23T12:16:16","date_gmt":"2019-05-23T10:16:16","guid":{"rendered":"http:\/\/rt-europaallee.org\/wordpress\/?p=5439"},"modified":"2019-05-23T12:16:16","modified_gmt":"2019-05-23T10:16:16","slug":"migrationszentrum-newsletter-22-05-2019-fortbildung-asylverfahren-bruecken-festival-vortragsreihe-amnesty","status":"publish","type":"post","link":"https:\/\/rt-europaallee.de\/wordpress\/2019\/05\/migrationszentrum-newsletter-22-05-2019-fortbildung-asylverfahren-bruecken-festival-vortragsreihe-amnesty\/","title":{"rendered":"Migrationszentrum, Newsletter 22.05.2019: Fortbildung Asylverfahren, Br\u00fccken-Festival, Vortragsreihe Amnesty"},"content":{"rendered":"<p>Weitergeleitete E- Mail von\u00a0<a href=\"mailto:rt-europaallee@gwhagenberg.de\">rt-europaallee@gwhagenberg.de<\/a> (22.05.2019)<\/p>\n<p>&nbsp;<\/p>\n<blockquote><p><strong>Gesendet:<\/strong>\u00a0Mittwoch, 22. Mai 2019 um 12:59 Uhr <strong>Von:<\/strong>\u00a0&#8222;Sei Willkommen&#8220; &lt;seiwillkommen@migrationszentrum-goettingen.de&gt; <strong>An:<\/strong>\u00a0&#8222;Sei Willkommen&#8220; &lt;seiwillkommen@migrationszentrum-goettingen.de&gt; <strong>Betreff:<\/strong>\u00a0Newsletter 22.05.2019: Fortbildung Asylverfahren, Br\u00fccken-Festival, Vortragsreihe Amnesty<\/p>\n<p>Liebe Ehrenamtliche, liebe Interessierte,<\/p>\n<p>zur Wochenmitte gibt es einige News \u00fcber spannende Veranstaltungen &amp; weitere Infos.<\/p>\n<p>Viel Freude beim Lesen!<\/p>\n<p><strong>1)\u00a0\u00a0\u00a0\u00a0\u00a0 <\/strong><a href=\"http:\/\/rt-europaallee.org\/wordpress\/wp-content\/uploads\/2019\/05\/Asylverfahren_Schulung_MIZ.jpg\"><strong>Fortbildung \u201eGrundlagen des Asylverfahrens und des Aufenthaltsrechts\u201c<\/strong><\/a><\/p>\n<p><strong>Wer? <\/strong>Veranstalter: Projekt \u201eSei Willkommen\u201c, Migrationszentrum G\u00f6ttingen;<\/p>\n<p>Referentinnen: Friederike Vorwergk und Rondek Saleh, kargah e.V., Verein f\u00fcr interkulturelle Kommunikation, Migrations- und Fl\u00fcchtlingsarbeit<\/p>\n<p><strong>Wann? <\/strong>Montag, 17. Juni\u00a0 17\u00ad-20 Uhr<\/p>\n<p><strong>Wo?<\/strong> Migrationszentrum, Weender Stra\u00dfe 42, 37073 G\u00f6ttingen<\/p>\n<p><strong>Wie? <\/strong>Wir bitten um Anmeldung per Mail oder telefonisch: seiwillkommen@migrationszentrum-goettingen.de, 0551\/899930-26<\/p>\n<p>Die Referentinnen f\u00fchren in diesem Vortrag in die Grundlagen des Asyl-und Aufenthaltsrechts ein. Sie geben einen \u00dcberblick \u00fcber die wichtigsten Stationen des Asylverfahrens und erl\u00e4utern die aufenthaltsrechtlichen Perspektiven nach dem Abschluss des Asylverfahrens.<\/p>\n<p>&nbsp;<\/p>\n<p><strong>2)\u00a0\u00a0\u00a0\u00a0\u00a0 <\/strong><strong>Br\u00fccken-Festival<\/strong><\/p>\n<p><strong>Wer? <\/strong>Veranstalter:\u00a0 Zukunfts-Werkstatt e.V., Musiker: PeaceDevelopmentCrew, Colah-Colah &amp; Nice Time Breeze<\/p>\n<p><strong>Wann? <\/strong>Freitag, 24. Mai von 17-23 Uhr<\/p>\n<p><strong>Wo? <\/strong>Haus der Kulturen, Hagenweg 2E, 37081 G\u00f6ttingen<\/p>\n<p><strong>Wie? <\/strong>Der Eintritt ist frei, genauere Informationen finden Sie <a href=\"https:\/\/www.hausderkulturen.org\/bruecken-festival-im-haus-der-kulturen\/\">hier<\/a>.<\/p>\n<p>Das Br\u00fcckenfestival soll eine Br\u00fccke schlagen zwischen G\u00f6ttingen und dem Rest der Welt und dazu beitragen, dass unsere Welt freier und bunter wird. Neben Live-Musik und Infost\u00e4nden wird es au\u00dferdem internationale Br\u00fcckenspeisen geben.<\/p>\n<p>&nbsp;<\/p>\n<p><strong>3)\u00a0\u00a0\u00a0\u00a0\u00a0 <\/strong><strong>Demo gegen den Rechtsruck<\/strong><\/p>\n<p><strong>Wer? <\/strong>Veranstalter: Seebr\u00fccke Einbeck und das B\u00fcndnis \u201eEinbeck ist Bunt\u201c<\/p>\n<p><strong>Wann? <\/strong>Samstag, 25. Mai von 12.30-17.00 Uhr<\/p>\n<p><strong>Wo? <\/strong>Bahnhof Mitte, Bahnhofstr. 8, 37574 Einbeck-Salzderhelden<\/p>\n<p><strong>Wie? <\/strong>Eine Anmeldung ist nicht erforderlich, genauere Informationen finden Sie <a href=\"https:\/\/www.facebook.com\/events\/2648199901864120\/\">hier<\/a>.<\/p>\n<p>&nbsp;<\/p>\n<p><strong>4)\u00a0\u00a0\u00a0\u00a0\u00a0 <\/strong><a href=\"http:\/\/rt-europaallee.org\/wordpress\/wp-content\/uploads\/2019\/05\/Vortragsreihe_Amnesty.jpg\"><strong>Vortragsreihe: \u201eMinderheiten in Bedr\u00e4ngnis\u201c<\/strong><\/a><\/p>\n<p><strong>Wer? <\/strong>Veranstalter: Amnesty International Hochschulgruppe G\u00f6ttingen<\/p>\n<p><strong>Wann? <\/strong>Donnerstag, 23. Mai\/6. Juni\/13. Juni\/20. Juni &amp; 27. Juni, jeweils um 18 Uhr<\/p>\n<p><strong>Wo? <\/strong>Am 23. Mai: Universit\u00e4t G\u00f6ttingen, Verf\u00fcgungsgeb\u00e4ude (VG), Raum 4.101, Platz der G\u00f6ttinger Sieben 7, 37073 G\u00f6ttingen; an allen anderen Terminen: Universit\u00e4t G\u00f6ttingen, Zentrales H\u00f6rsaalgeb\u00e4ude (ZHG), H\u00f6rsaal 005, Platz der G\u00f6ttinger Sieben 5, 37073 G\u00f6ttingen<\/p>\n<p><strong>Wie? <\/strong>Eine Anmeldung ist nicht n\u00f6tig, der Eintritt ist frei. Den <a href=\"http:\/\/rt-europaallee.org\/wordpress\/wp-content\/uploads\/2019\/05\/Vortragsreihe_Amnesty.jpg\">Flyer<\/a> zur Vortragsreihe mit genaueren Informationen finden Sie im Anhang.<\/p>\n<p>&nbsp;<\/p>\n<p><strong>5)\u00a0\u00a0\u00a0\u00a0\u00a0 <\/strong><a href=\"http:\/\/rt-europaallee.org\/wordpress\/wp-content\/uploads\/2019\/05\/Sprachen_Dolmetscherdienst_Mai_2019.xlsx\"><strong>Dolmetscherdienst BFGoe: Russisch wieder verf\u00fcgbar<\/strong><\/a><\/p>\n<p><strong>Was? <\/strong>Neben vielen anderen Sprachen hat der Dolmetscherdienst der Besch\u00e4ftigungsf\u00f6rderung G\u00f6ttingen nun auch wieder Russisch im Angebot.<\/p>\n<p><strong>Wie? <\/strong>Eine aktuelle Liste mit den angebotenen Sprachen und weiteren Informationen finden Sie <a href=\"http:\/\/rt-europaallee.org\/wordpress\/wp-content\/uploads\/2019\/05\/Sprachen_Dolmetscherdienst_Mai_2019.xlsx\">im Anhang<\/a>. <strong>\u00a0<\/strong><\/p>\n<p>&nbsp;<\/p>\n<p>Ich w\u00fcnsche Ihnen und euch allen eine sch\u00f6ne restliche Woche!<\/p>\n<p>Herzliche Gr\u00fc\u00dfe<\/p>\n<p>&nbsp;<\/p>\n<p>Elisabeth Kluge<\/p>\n<p>&#8212;&#8212;&#8212;&#8211;<\/p>\n<p>&nbsp;<\/p>\n<p>Sei Willkommen<\/p>\n<p>Koordination ehrenamtlicher Fl\u00fcchtlingshilfe<\/p>\n<p>&nbsp;<\/p>\n<p><strong>Migrationszentum<\/strong><\/p>\n<p>f\u00fcr Stadt und Landkreis G\u00f6ttingen<\/p>\n<p>in Tr\u00e4gerschaft des Diakonieverbands G\u00f6ttingen<\/p>\n<p>Weender Stra\u00dfe 42<\/p>\n<p>37073 G\u00f6ttingen<\/p>\n<p>Tel.: 0551\/899930-26<\/p>\n<p>Fax: 0551\/531018<\/p>\n<p>seiwillkommen@migrationszentrum-goettingen.de<\/p>\n<p><a href=\"http:\/\/www.migrationszentrum-goettingen.de\">www.migrationszentrum-goettingen.de<\/a><\/p><\/blockquote>\n","protected":false},"excerpt":{"rendered":"<p>Weitergeleitete E- Mail von\u00a0rt-europaallee@gwhagenberg.de (22.05.2019) &nbsp; Gesendet:\u00a0Mittwoch, 22. Mai 2019 um 12:59 Uhr Von:\u00a0&#8222;Sei Willkommen&#8220; &lt;seiwillkommen@migrationszentrum-goettingen.de&gt; An:\u00a0&#8222;Sei Willkommen&#8220; &lt;seiwillkommen@migrationszentrum-goettingen.de&gt; Betreff:\u00a0Newsletter 22.05.2019: Fortbildung Asylverfahren, Br\u00fccken-Festival, Vortragsreihe Amnesty Liebe Ehrenamtliche, liebe Interessierte, zur Wochenmitte gibt es einige News \u00fcber spannende Veranstaltungen &amp; weitere Infos. Viel Freude beim Lesen! 1)\u00a0\u00a0\u00a0\u00a0\u00a0 Fortbildung \u201eGrundlagen des Asylverfahrens und des Aufenthaltsrechts\u201c Wer? &#8230; <a title=\"Migrationszentrum, Newsletter 22.05.2019: Fortbildung Asylverfahren, Br\u00fccken-Festival, Vortragsreihe Amnesty\" class=\"read-more\" href=\"https:\/\/rt-europaallee.de\/wordpress\/2019\/05\/migrationszentrum-newsletter-22-05-2019-fortbildung-asylverfahren-bruecken-festival-vortragsreihe-amnesty\/\" aria-label=\"Mehr Informationen \u00fcber Migrationszentrum, Newsletter 22.05.2019: Fortbildung Asylverfahren, Br\u00fccken-Festival, Vortragsreihe Amnesty\">Weiterlesen<\/a><\/p>\n","protected":false},"author":3,"featured_media":0,"comment_status":"closed","ping_status":"open","sticky":false,"template":"","format":"standard","meta":{"footnotes":""},"categories":[1],"tags":[],"class_list":["post-5439","post","type-post","status-publish","format-standard","hentry","category-allgemein"],"_links":{"self":[{"href":"https:\/\/rt-europaallee.de\/wordpress\/wp-json\/wp\/v2\/posts\/5439","targetHints":{"allow":["GET"]}}],"collection":[{"href":"https:\/\/rt-europaallee.de\/wordpress\/wp-json\/wp\/v2\/posts"}],"about":[{"href":"https:\/\/rt-europaallee.de\/wordpress\/wp-json\/wp\/v2\/types\/post"}],"author":[{"embeddable":true,"href":"https:\/\/rt-europaallee.de\/wordpress\/wp-json\/wp\/v2\/users\/3"}],"replies":[{"embeddable":true,"href":"https:\/\/rt-europaallee.de\/wordpress\/wp-json\/wp\/v2\/comments?post=5439"}],"version-history":[{"count":1,"href":"https:\/\/rt-europaallee.de\/wordpress\/wp-json\/wp\/v2\/posts\/5439\/revisions"}],"predecessor-version":[{"id":5444,"href":"https:\/\/rt-europaallee.de\/wordpress\/wp-json\/wp\/v2\/posts\/5439\/revisions\/5444"}],"wp:attachment":[{"href":"https:\/\/rt-europaallee.de\/wordpress\/wp-json\/wp\/v2\/media?parent=5439"}],"wp:term":[{"taxonomy":"category","embeddable":true,"href":"https:\/\/rt-europaallee.de\/wordpress\/wp-json\/wp\/v2\/categories?post=5439"},{"taxonomy":"post_tag","embeddable":true,"href":"https:\/\/rt-europaallee.de\/wordpress\/wp-json\/wp\/v2\/tags?post=5439"}],"curies":[{"name":"wp","href":"https:\/\/api.w.org\/{rel}","templated":true}]}}