{"id":6413,"date":"2019-10-15T19:18:16","date_gmt":"2019-10-15T17:18:16","guid":{"rendered":"http:\/\/rt-europaallee.org\/wordpress\/?p=6413"},"modified":"2019-10-15T19:19:01","modified_gmt":"2019-10-15T17:19:01","slug":"nachtbusse-waehrend-der-o-phase-zum-semesterbeginn","status":"publish","type":"post","link":"https:\/\/rt-europaallee.de\/wordpress\/2019\/10\/nachtbusse-waehrend-der-o-phase-zum-semesterbeginn\/","title":{"rendered":"Nachtbusse w\u00e4hrend der O-Phase zum Semesterbeginn"},"content":{"rendered":"<p>(Quelle: <a href=\"https:\/\/www.facebook.com\/goevb\/photos\/a.636882099676593\/2813081788723269\/?type=3&amp;theater\">https:\/\/www.facebook.com\/goevb\/photos\/a.636882099676593\/2813081788723269\/?type=3&amp;theater<\/a>)<\/p>\n<p>&nbsp;<\/p>\n<blockquote>\n<div class=\"k_14zndmo95b n_14zndms7pi clearfix\">\n<div class=\"clearfix j_14zndmo7cw\">\n<div class=\"clearfix _42ef\">\n<div class=\"h_14zndmo7cv\">\n<div>\n<div class=\"_6a _5u5j\">\n<div class=\"_6a _5u5j _6b\">\n<h6 id=\"js_h\" class=\"_7tae _14f3 _14f5 _5pbw _5vra\" data-ft=\"{&quot;tn&quot;:&quot;C&quot;}\"><span class=\"fwn fcg\"><span class=\"fwb fcg\" data-ft=\"{&quot;tn&quot;:&quot;k&quot;}\"><a href=\"https:\/\/www.facebook.com\/goevb\/?__tn__=kC-R&amp;eid=ARDfJo1146gQHNSi4IbkKFNUNPn8B_ZT3BO6lmUkNwiBAP8EGCA9i-s8yGOnOr3-FcrcsZwgVLr-yQAX&amp;hc_ref=ARSOAyGXqMKbirZcKIEvQLbozhgn7BkiKlpo-fCg-ieAVJ3nolbGzlbwhL9luc3V41E&amp;fref=nf&amp;__xts__%5B0%5D=68.ARDXGKUD05AoSNDnqdj2z_gg7Rn3Qj17uXyeB9YaxY8tTVwq6FEmwYIJeiG0p7eSCgLqfnyu3dYSebUuU8qRk7VJKB4ZT40sevUkl6QRFovmRRcqZgVEIaZTMbeibmU7FL7Ni9zv3yzY0q5VaR7tZ6A5kapuz9Th_O9E9WcdBE0-wZYNU1zEnoF1zGWFxOSqrFFdL-4EHEeJVt6qPOHA_0T6mugMYMlgSYTn9Gbx43_WpckT3DqqvRVQjAL6GLaZrbVbGduOwuHo51DhwrQUjet409yfc4q_aK_zJOQobpXvYpFSHi_QlqH6OhRXmlVk-3o9Qtg-NI8O5-wWSdkEF6TVBg\" data-hovercard-referer=\"ARSOAyGXqMKbirZcKIEvQLbozhgn7BkiKlpo-fCg-ieAVJ3nolbGzlbwhL9luc3V41E\" data-hovercard-prefer-more-content-show=\"1\" data-hovercard=\"\/ajax\/hovercard\/page.php?id=635910443107092&amp;extragetparams=%7B%22__tn__%22%3A%22%2CdkC-R-R%22%2C%22eid%22%3A%22ARDfJo1146gQHNSi4IbkKFNUNPn8B_ZT3BO6lmUkNwiBAP8EGCA9i-s8yGOnOr3-FcrcsZwgVLr-yQAX%22%2C%22hc_ref%22%3A%22ARSOAyGXqMKbirZcKIEvQLbozhgn7BkiKlpo-fCg-ieAVJ3nolbGzlbwhL9luc3V41E%22%2C%22fref%22%3A%22nf%22%7D\">G\u00f6VB &#8211; G\u00f6ttinger Verkehrsbetriebe<\/a><\/span><\/span><\/h6>\n<div id=\"feed_subtitle_635910443107092:8648833471873481637\" class=\"_5pcp _5lel _2jyu _232_\" data-testid=\"story-subtitle\"><span class=\"g_14zndmncnm\"><span class=\"fsm fwn fcg\"><a class=\"_5pcq\" href=\"https:\/\/www.facebook.com\/goevb\/photos\/a.636882099676593\/2813081788723269\/?type=3&amp;__xts__%5B0%5D=68.ARDXGKUD05AoSNDnqdj2z_gg7Rn3Qj17uXyeB9YaxY8tTVwq6FEmwYIJeiG0p7eSCgLqfnyu3dYSebUuU8qRk7VJKB4ZT40sevUkl6QRFovmRRcqZgVEIaZTMbeibmU7FL7Ni9zv3yzY0q5VaR7tZ6A5kapuz9Th_O9E9WcdBE0-wZYNU1zEnoF1zGWFxOSqrFFdL-4EHEeJVt6qPOHA_0T6mugMYMlgSYTn9Gbx43_WpckT3DqqvRVQjAL6GLaZrbVbGduOwuHo51DhwrQUjet409yfc4q_aK_zJOQobpXvYpFSHi_QlqH6OhRXmlVk-3o9Qtg-NI8O5-wWSdkEF6TVBg&amp;__tn__=-R\" target=\"\" rel=\"theater\"><abbr class=\"_5ptz timestamp livetimestamp\" title=\"15.10.19, 11:12\" data-shorten=\"1\" data-utime=\"1571130723\"><span id=\"js_i\" class=\"timestampContent\">8 Std.<\/span><\/abbr><\/a><\/span><\/span><span class=\"_6spk\"> \u00b7 <\/span><i class=\"lock img sp_tyDKrVS4a5J sx_ce2a94\"><\/i><\/div>\n<\/div>\n<\/div>\n<\/div>\n<\/div>\n<\/div>\n<\/div>\n<\/div>\n<div id=\"js_j\" class=\"_5pbx userContent _3576\" data-ft=\"{&quot;tn&quot;:&quot;K&quot;}\" data-testid=\"post_message\">\n<p>Wie im letzten Jahr werden w\u00e4hrend der gesamten O-Phase zum Semesterbeginn auch unter der Woche nachts zus\u00e4tzliche Fahrten durchgef\u00fchrt. Wie bereits vom Wochenende gewohnt fahren die sog. Nachtbusse zu dieser Zeit auch Montag- bis Freitagnacht und bringen alle Studentinnen und Studenten nach ihren Stadterkundungen und Aktionen wieder nach Hause. Aufgrund von technischen Problemen werden die Fahrten aktuell leider nicht in der VSN-App angezeigt, fahren aber dennoch<span class=\"_5mfr\"><span class=\"_6qdm\">?<\/span><\/span>. Die Daten werden neu importiert. <a class=\"_58cn\" href=\"https:\/\/www.facebook.com\/hashtag\/g\u00f6vb?source=feed_text&amp;epa=HASHTAG&amp;__xts__%5B0%5D=68.ARDXGKUD05AoSNDnqdj2z_gg7Rn3Qj17uXyeB9YaxY8tTVwq6FEmwYIJeiG0p7eSCgLqfnyu3dYSebUuU8qRk7VJKB4ZT40sevUkl6QRFovmRRcqZgVEIaZTMbeibmU7FL7Ni9zv3yzY0q5VaR7tZ6A5kapuz9Th_O9E9WcdBE0-wZYNU1zEnoF1zGWFxOSqrFFdL-4EHEeJVt6qPOHA_0T6mugMYMlgSYTn9Gbx43_WpckT3DqqvRVQjAL6GLaZrbVbGduOwuHo51DhwrQUjet409yfc4q_aK_zJOQobpXvYpFSHi_QlqH6OhRXmlVk-3o9Qtg-NI8O5-wWSdkEF6TVBg&amp;__tn__=%2ANK-R\" data-ft=\"{&quot;type&quot;:104,&quot;tn&quot;:&quot;*N&quot;}\"><span class=\"_5afx\"><span class=\"_58cl _5afz\">#<\/span><span class=\"_58cm\">g\u00f6vb<\/span><\/span><\/a> <a class=\"_58cn\" href=\"https:\/\/www.facebook.com\/hashtag\/nachtbus?source=feed_text&amp;epa=HASHTAG&amp;__xts__%5B0%5D=68.ARDXGKUD05AoSNDnqdj2z_gg7Rn3Qj17uXyeB9YaxY8tTVwq6FEmwYIJeiG0p7eSCgLqfnyu3dYSebUuU8qRk7VJKB4ZT40sevUkl6QRFovmRRcqZgVEIaZTMbeibmU7FL7Ni9zv3yzY0q5VaR7tZ6A5kapuz9Th_O9E9WcdBE0-wZYNU1zEnoF1zGWFxOSqrFFdL-4EHEeJVt6qPOHA_0T6mugMYMlgSYTn9Gbx43_WpckT3DqqvRVQjAL6GLaZrbVbGduOwuHo51DhwrQUjet409yfc4q_aK_zJOQobpXvYpFSHi_QlqH6OhRXmlVk-3o9Qtg-NI8O5-wWSdkEF6TVBg&amp;__tn__=%2ANK-R\" data-ft=\"{&quot;type&quot;:104,&quot;tn&quot;:&quot;*N&quot;}\"><span class=\"_5afx\"><span class=\"_58cl _5afz\">#<\/span><span class=\"_58cm\">nachtbus<\/span><\/span><\/a> <a class=\"_58cn\" href=\"https:\/\/www.facebook.com\/hashtag\/ophase?source=feed_text&amp;epa=HASHTAG&amp;__xts__%5B0%5D=68.ARDXGKUD05AoSNDnqdj2z_gg7Rn3Qj17uXyeB9YaxY8tTVwq6FEmwYIJeiG0p7eSCgLqfnyu3dYSebUuU8qRk7VJKB4ZT40sevUkl6QRFovmRRcqZgVEIaZTMbeibmU7FL7Ni9zv3yzY0q5VaR7tZ6A5kapuz9Th_O9E9WcdBE0-wZYNU1zEnoF1zGWFxOSqrFFdL-4EHEeJVt6qPOHA_0T6mugMYMlgSYTn9Gbx43_WpckT3DqqvRVQjAL6GLaZrbVbGduOwuHo51DhwrQUjet409yfc4q_aK_zJOQobpXvYpFSHi_QlqH6OhRXmlVk-3o9Qtg-NI8O5-wWSdkEF6TVBg&amp;__tn__=%2ANK-R\" data-ft=\"{&quot;type&quot;:104,&quot;tn&quot;:&quot;*N&quot;}\"><span class=\"_5afx\"><span class=\"_58cl _5afz\">#<\/span><span class=\"_58cm\">ophase<\/span><\/span><\/a> <a class=\"_58cn\" href=\"https:\/\/www.facebook.com\/hashtag\/nachtliesl?source=feed_text&amp;epa=HASHTAG&amp;__xts__%5B0%5D=68.ARDXGKUD05AoSNDnqdj2z_gg7Rn3Qj17uXyeB9YaxY8tTVwq6FEmwYIJeiG0p7eSCgLqfnyu3dYSebUuU8qRk7VJKB4ZT40sevUkl6QRFovmRRcqZgVEIaZTMbeibmU7FL7Ni9zv3yzY0q5VaR7tZ6A5kapuz9Th_O9E9WcdBE0-wZYNU1zEnoF1zGWFxOSqrFFdL-4EHEeJVt6qPOHA_0T6mugMYMlgSYTn9Gbx43_WpckT3DqqvRVQjAL6GLaZrbVbGduOwuHo51DhwrQUjet409yfc4q_aK_zJOQobpXvYpFSHi_QlqH6OhRXmlVk-3o9Qtg-NI8O5-wWSdkEF6TVBg&amp;__tn__=%2ANK-R\" data-ft=\"{&quot;type&quot;:104,&quot;tn&quot;:&quot;*N&quot;}\"><span class=\"_5afx\"><span class=\"_58cl _5afz\">#<\/span><span class=\"_58cm\">nachtliesl<\/span><\/span><\/a><\/p>\n<\/div>\n<\/blockquote>\n","protected":false},"excerpt":{"rendered":"<p>(Quelle: https:\/\/www.facebook.com\/goevb\/photos\/a.636882099676593\/2813081788723269\/?type=3&amp;theater) &nbsp; G\u00f6VB &#8211; G\u00f6ttinger Verkehrsbetriebe 8 Std. \u00b7 Wie im letzten Jahr werden w\u00e4hrend der gesamten O-Phase zum Semesterbeginn auch unter der Woche nachts zus\u00e4tzliche Fahrten durchgef\u00fchrt. Wie bereits vom Wochenende gewohnt fahren die sog. Nachtbusse zu dieser Zeit auch Montag- bis Freitagnacht und bringen alle Studentinnen und Studenten nach ihren Stadterkundungen und &#8230; <a title=\"Nachtbusse w\u00e4hrend der O-Phase zum Semesterbeginn\" class=\"read-more\" href=\"https:\/\/rt-europaallee.de\/wordpress\/2019\/10\/nachtbusse-waehrend-der-o-phase-zum-semesterbeginn\/\" aria-label=\"Mehr Informationen \u00fcber Nachtbusse w\u00e4hrend der O-Phase zum Semesterbeginn\">Weiterlesen<\/a><\/p>\n","protected":false},"author":3,"featured_media":0,"comment_status":"closed","ping_status":"open","sticky":false,"template":"","format":"standard","meta":{"footnotes":""},"categories":[1],"tags":[],"class_list":["post-6413","post","type-post","status-publish","format-standard","hentry","category-allgemein"],"_links":{"self":[{"href":"https:\/\/rt-europaallee.de\/wordpress\/wp-json\/wp\/v2\/posts\/6413","targetHints":{"allow":["GET"]}}],"collection":[{"href":"https:\/\/rt-europaallee.de\/wordpress\/wp-json\/wp\/v2\/posts"}],"about":[{"href":"https:\/\/rt-europaallee.de\/wordpress\/wp-json\/wp\/v2\/types\/post"}],"author":[{"embeddable":true,"href":"https:\/\/rt-europaallee.de\/wordpress\/wp-json\/wp\/v2\/users\/3"}],"replies":[{"embeddable":true,"href":"https:\/\/rt-europaallee.de\/wordpress\/wp-json\/wp\/v2\/comments?post=6413"}],"version-history":[{"count":1,"href":"https:\/\/rt-europaallee.de\/wordpress\/wp-json\/wp\/v2\/posts\/6413\/revisions"}],"predecessor-version":[{"id":6414,"href":"https:\/\/rt-europaallee.de\/wordpress\/wp-json\/wp\/v2\/posts\/6413\/revisions\/6414"}],"wp:attachment":[{"href":"https:\/\/rt-europaallee.de\/wordpress\/wp-json\/wp\/v2\/media?parent=6413"}],"wp:term":[{"taxonomy":"category","embeddable":true,"href":"https:\/\/rt-europaallee.de\/wordpress\/wp-json\/wp\/v2\/categories?post=6413"},{"taxonomy":"post_tag","embeddable":true,"href":"https:\/\/rt-europaallee.de\/wordpress\/wp-json\/wp\/v2\/tags?post=6413"}],"curies":[{"name":"wp","href":"https:\/\/api.w.org\/{rel}","templated":true}]}}