{"id":6856,"date":"2019-12-05T14:26:06","date_gmt":"2019-12-05T13:26:06","guid":{"rendered":"http:\/\/rt-europaallee.org\/wordpress\/?p=6856"},"modified":"2019-12-05T14:26:06","modified_gmt":"2019-12-05T13:26:06","slug":"email-weststadtzentrum-veranstaltungskalender-dezember-2019","status":"publish","type":"post","link":"https:\/\/rt-europaallee.de\/wordpress\/2019\/12\/email-weststadtzentrum-veranstaltungskalender-dezember-2019\/","title":{"rendered":"EMail: Weststadtzentrum Veranstaltungskalender Dezember 2019"},"content":{"rendered":"<p>Weitergeleitete E- Mail von\u00a0rt-europaallee@gwhagenberg.de (02.12.2019)<\/p>\n<p>&nbsp;<\/p>\n<blockquote><p><strong>Gesendet:<\/strong>\u00a0Montag, 02. Dezember 2019 um 12:58 Uhr<br \/>\n<strong>Von:<\/strong>\u00a0&#8222;B.Jahns-Hasselmann@goettingen.de&#8220; &lt;B.Jahns-Hasselmann@goettingen.de&gt;<br \/>\n<strong>An:<\/strong>\u00a0&#8222;Jahns-Hasselmann, Barbara&#8220; &lt;B.Jahns-Hasselmann@goettingen.de&gt;<br \/>\n<strong>Betreff:<\/strong>\u00a0Weststadtzentrum Veranstaltungskalender Dezember 2019<\/p>\n<p>Liebe Freund*innen des Weststadtzentrums,<\/p>\n<p>&nbsp;<\/p>\n<p>es ist wieder einmal soweit \u2026Weihnachten steht vor der T\u00fcr.<\/p>\n<p>Wir haben f\u00fcr Euch \/Sie deshalb ein ent-spannendes Dezemberprogramm zusammengestellt und freuen uns auf Euren\/ Ihren Besuch und viele sch\u00f6ne Begegnungen.<\/p>\n<p>&nbsp;<\/p>\n<p>Neben unserem <a href=\"http:\/\/rt-europaallee.org\/wordpress\/wp-content\/uploads\/2019\/12\/Veranstaltungskalender-Dezember-2019-Weststadtzentrum.pdf\">regul\u00e4ren Programm (siehe Anhang)<\/a> starten wir den Winter-Weihnachtsmonat n\u00e4mlich mit einigen Besonderheiten, auf die wir Euch\/ Sie aufmerksam machen m\u00f6chten:<\/p>\n<p>&nbsp;<\/p>\n<p><strong>Gymnastik, Yoga und Entspannung, jeden Donnerstag von 9.15 bis 12:45 Uhr <\/strong><\/p>\n<p>Alle Frauen, die den Weihnachtsmonat entspannt(er) erleben m\u00f6chten, laden wir herzlich dazu ein!<\/p>\n<p>Dieser Kurs ist kostenfrei und ist ein Angebot von NetzTeil- Vernetzung im Stadtteil.<\/p>\n<p>&nbsp;<\/p>\n<p><strong>Lebendiger Adventskalender, am 03.12.2019, ab 18:00 Uhr <\/strong><\/p>\n<p>Wir \u00f6ffnen das dritte T\u00fcrchen im Lebendigen Adventskalender!<\/p>\n<p>Wir <strong>KOMMEN INS GESPR\u00c4CH<\/strong> bei Kinderpunsch, Pl\u00e4tzchen und vorweihnachtlichen \u00dcberraschungen.<\/p>\n<p>An diesem Abend gibt es Geschichten + Gedichte rund um das Weihnachtsfest und ein kleines Livekonzert mit Henning, der moderne Weihnachtslieder auf der Gitarre anstimmt.<\/p>\n<p>Von der Christusgemeinde mitorganisiert.<\/p>\n<p>&nbsp;<\/p>\n<p><strong>Feier zum Internationalen Tag des Ehrenamts, am 06.12.2019, 14:30 Uhr bis ca.17:00 Uhr <\/strong><\/p>\n<p>An diesem Tag m\u00f6chten wir uns bei all denen bedanken, die uns im Weststadtzentrum und auch im Stadtteil ihre Zeit, F\u00e4higkeiten, Kenntnisse und Erfahrungen freiwillig und unentgeltlich zur Verf\u00fcgung stellen, sich einsetzen und engagieren. <strong><u>Und<\/u><\/strong> wir laden auch all diejenigen ein, die an einem Ehrenamt interessiert sind.<\/p>\n<p>Wir freuen uns auf einen sch\u00f6nen Nachmittag im Weststadtzentrum.<\/p>\n<p>&nbsp;<\/p>\n<p><strong>Reparieren statt Wegwerfen, das Weststadt-Reparatur-Caf\u00e9 \u00f6ffnet am 11. Dezember zwischen 17:00 und 19:00 Uhr die T\u00fcrchen<\/strong><\/p>\n<p>Hier wird wieder kostenlos Hilfe zur Selbsthilfe angeboten, bei der Reparatur von Kleidungsst\u00fccken, Haushalts- und Unterhaltungsger\u00e4ten, Spielzeug sowie bei Bedienungsproblemen von Smartphones, PCs und Tablets.<\/p>\n<p>Tipp: Reparierte Lieblingsteile k\u00f6nnen auch sch\u00f6ne Geschenke sein!<\/p>\n<p>&nbsp;<\/p>\n<p><strong>Unser Handarbeitstreff \u201e Flinke Nadel\u201c mit Iliana &amp; Nadja, am 16.12.2019 von 9.30 bis 12:00 Uhr pr\u00e4sentiert eine \u00dcberraschung! <\/strong><\/p>\n<p>Wollig warme Geschenke, noch schnell gemacht! Strick-Profi Kerstin Wuttke vom Wollmeer aus Bovenden ist bei uns zu Gast. Bei Kaffee, Tee und Pl\u00e4tzchen KOMMEN wir INS GESPR\u00c4CH mit Tipps und Tricks zur Unterst\u00fctzung und Anleitung f\u00fcr die schnelle Herstellung kleiner wolliger Pr\u00e4sente!<\/p>\n<p>Wolle und Nadeln sind vorhanden!<\/p>\n<p>&nbsp;<\/p>\n<p><strong>Das 17. T\u00fcrchen \u00f6ffnen wir f\u00fcr einen gem\u00fctlichen &amp; besinnlichen Winternachmittag im Weststadtzentrum, ab 16:00 Uhr<\/strong><\/p>\n<p>Nachdem wir uns bei der Einweihung vom Spielplatz im Rosenwinkel rote Nasen und kalte F\u00fc\u00dfe geholt haben, laden wir alle Bewohner*innen der Weststadt, Kleine &amp; Gro\u00dfe, dazu ein bei uns im Weststadtzentrum bei Kakao, Kaffee, Tee, Kinderpunsch und Weihnachtsgeb\u00e4ck INS GESPR\u00c4CH zu KOMMEN und den Tag gem\u00fctlich ausklingen zu lassen.<\/p>\n<p>&nbsp;<\/p>\n<p>&nbsp;<\/p>\n<p>Liebe Freund*innen, Bewohner*innen, Kooperationspartner*innen, Wegbegleiter*innen und Interessierte,<\/p>\n<p>an dieser Stelle ist es jetzt Zeit, herzlich DANKE zu sagen f\u00fcr die gute Zusammenarbeit und die immer wieder erlebte Unterst\u00fctzung, das tragende Netzwerk und die freundliche Nachbarschaft!<\/p>\n<p>&nbsp;<\/p>\n<p>Das Team vom Weststadtzentrum w\u00fcnscht Euch\/ Ihnen allen eine besinnliche und friedliche Weihnacht und einen guten Start in ein gl\u00fcckliches, zufriedenes und erf\u00fcllendes NEUES JAHR 2020.<\/p>\n<p>Ein NEUES JAHR, indem wir wieder f\u00fcr Euch\/ Sie da sind und f\u00fcr das wir bereits einige tolle Ideen haben.<\/p>\n<p>&nbsp;<\/p>\n<p>Wir freuen uns auf bereichernden Austausch und inspirierende Begegnungen in 2020!<\/p>\n<p>&nbsp;<\/p>\n<p>Herzliche Gr\u00fc\u00dfe<\/p>\n<p>Barbara Jahns-Hasselmann Laura Stephanus und das Weststadtzentrum-Team<\/p>\n<p>&nbsp;<\/p>\n<p>&nbsp;<\/p>\n<p>&nbsp;<\/p>\n<p>im Auftrag<\/p>\n<p><strong>Barbara Jahns-Hasselmann <\/strong><\/p>\n<p>Leitung Weststadtzentrum<\/p>\n<p>&nbsp;<\/p>\n<p><strong>Besch\u00e4ftigungsf\u00f6rderung G\u00f6ttingen (kA\u00f6R)<\/strong><\/p>\n<p>WESTSTADTZENTRUM<\/p>\n<p>Pfalz-Grona-Breite 84<\/p>\n<p>37081 G\u00f6ttingen<\/p>\n<p>&nbsp;<\/p>\n<p>Tel: 0551 38489888<\/p>\n<p>Fax: 0551 38489889<\/p>\n<p>Mail: <a href=\"mailto:b.jahns-hasselmann@goettingen.de\">b.jahns-hasselmann@goettingen.de<\/a><\/p>\n<p><a href=\"http:\/\/www.bfgoe.de\/\">www.bfgoe.de<\/a><\/p><\/blockquote>\n<h4>Anhang:<br \/>\n<a href=\"http:\/\/rt-europaallee.org\/wordpress\/wp-content\/uploads\/2019\/12\/Veranstaltungskalender-Dezember-2019-Weststadtzentrum.pdf\">Veranstaltungskalender Dezember 2019<\/a><\/h4>\n","protected":false},"excerpt":{"rendered":"<p>Weitergeleitete E- Mail von\u00a0rt-europaallee@gwhagenberg.de (02.12.2019) &nbsp; Gesendet:\u00a0Montag, 02. Dezember 2019 um 12:58 Uhr Von:\u00a0&#8222;B.Jahns-Hasselmann@goettingen.de&#8220; &lt;B.Jahns-Hasselmann@goettingen.de&gt; An:\u00a0&#8222;Jahns-Hasselmann, Barbara&#8220; &lt;B.Jahns-Hasselmann@goettingen.de&gt; Betreff:\u00a0Weststadtzentrum Veranstaltungskalender Dezember 2019 Liebe Freund*innen des Weststadtzentrums, &nbsp; es ist wieder einmal soweit \u2026Weihnachten steht vor der T\u00fcr. Wir haben f\u00fcr Euch \/Sie deshalb ein ent-spannendes Dezemberprogramm zusammengestellt und freuen uns auf Euren\/ Ihren Besuch und &#8230; <a title=\"EMail: Weststadtzentrum Veranstaltungskalender Dezember 2019\" class=\"read-more\" href=\"https:\/\/rt-europaallee.de\/wordpress\/2019\/12\/email-weststadtzentrum-veranstaltungskalender-dezember-2019\/\" aria-label=\"Mehr Informationen \u00fcber EMail: Weststadtzentrum Veranstaltungskalender Dezember 2019\">Weiterlesen<\/a><\/p>\n","protected":false},"author":3,"featured_media":0,"comment_status":"closed","ping_status":"open","sticky":false,"template":"","format":"standard","meta":{"footnotes":""},"categories":[1],"tags":[],"class_list":["post-6856","post","type-post","status-publish","format-standard","hentry","category-allgemein"],"_links":{"self":[{"href":"https:\/\/rt-europaallee.de\/wordpress\/wp-json\/wp\/v2\/posts\/6856","targetHints":{"allow":["GET"]}}],"collection":[{"href":"https:\/\/rt-europaallee.de\/wordpress\/wp-json\/wp\/v2\/posts"}],"about":[{"href":"https:\/\/rt-europaallee.de\/wordpress\/wp-json\/wp\/v2\/types\/post"}],"author":[{"embeddable":true,"href":"https:\/\/rt-europaallee.de\/wordpress\/wp-json\/wp\/v2\/users\/3"}],"replies":[{"embeddable":true,"href":"https:\/\/rt-europaallee.de\/wordpress\/wp-json\/wp\/v2\/comments?post=6856"}],"version-history":[{"count":1,"href":"https:\/\/rt-europaallee.de\/wordpress\/wp-json\/wp\/v2\/posts\/6856\/revisions"}],"predecessor-version":[{"id":6858,"href":"https:\/\/rt-europaallee.de\/wordpress\/wp-json\/wp\/v2\/posts\/6856\/revisions\/6858"}],"wp:attachment":[{"href":"https:\/\/rt-europaallee.de\/wordpress\/wp-json\/wp\/v2\/media?parent=6856"}],"wp:term":[{"taxonomy":"category","embeddable":true,"href":"https:\/\/rt-europaallee.de\/wordpress\/wp-json\/wp\/v2\/categories?post=6856"},{"taxonomy":"post_tag","embeddable":true,"href":"https:\/\/rt-europaallee.de\/wordpress\/wp-json\/wp\/v2\/tags?post=6856"}],"curies":[{"name":"wp","href":"https:\/\/api.w.org\/{rel}","templated":true}]}}