{"id":6872,"date":"2019-12-06T15:48:00","date_gmt":"2019-12-06T14:48:00","guid":{"rendered":"http:\/\/rt-europaallee.org\/wordpress\/?p=6872"},"modified":"2019-12-06T15:48:00","modified_gmt":"2019-12-06T14:48:00","slug":"tipp-aus-facebook-einfaches-handy-bei-abschiebegefahr-nach-afghanistan-sinnvoll","status":"publish","type":"post","link":"https:\/\/rt-europaallee.de\/wordpress\/2019\/12\/tipp-aus-facebook-einfaches-handy-bei-abschiebegefahr-nach-afghanistan-sinnvoll\/","title":{"rendered":"Tipp aus Facebook: einfaches Handy bei Abschiebegefahr nach Afghanistan sinnvoll"},"content":{"rendered":"<p>aus Facebook:<br \/>\n<a href=\"https:\/\/www.facebook.com\/groups\/344404895746253\/permalink\/1289423901244343\/\">https:\/\/www.facebook.com\/groups\/344404895746253\/permalink\/1289423901244343\/<\/a> und <a href=\"https:\/\/www.facebook.com\/permalink.php?story_fbid=2456849147895080&amp;id=100007100567863\">https:\/\/www.facebook.com\/permalink.php?story_fbid=2456849147895080&amp;id=100007100567863<\/a><\/p>\n<h4>Anmerkung Renate Schiele:<br \/>\nWegen der Relevanz f\u00fcr den betreffenden Personenkreis habe ich den Beitrag trotz anf\u00e4nglicher Bedenken eingestellt.<\/h4>\n<blockquote>\n<div class=\"k_14zndmo95b n_14zndms7pi clearfix\">\n<div class=\"clearfix j_14zndmo7cw\">\n<div class=\"clearfix _42ef\">\n<div class=\"h_14zndmo7cv\">\n<div>\n<div class=\"_6a _5u5j\">\n<div class=\"_6a _5u5j _6b\">\n<h5 id=\"js_9\" class=\"_7tae _14f3 _14f5 _5pbw _5vra\" data-ft=\"{&quot;tn&quot;:&quot;C&quot;}\"><span class=\"fwn fcg\"><span class=\"fwb fcg\" data-ft=\"{&quot;tn&quot;:&quot;;&quot;}\"><a id=\"js_i3\" href=\"https:\/\/www.facebook.com\/profile.php?id=100007100567863&amp;__tn__=%2CdC-R-R&amp;eid=ARAONN_vhCTIM7cKrkQjDW9_wyt2IlnS7lOPcwpLzSB0ac9SGsOXU_bgTZ2GIYoBeKX45uzLTvN4jVVv&amp;hc_ref=ARTGoLo8_fsw9RfgTegikV3Olyzn26CLJTStVRFtkmm7qnFCOCXXnq7FxhnjYqkH-Ew&amp;fref=nf\" data-hovercard-referer=\"ARTGoLo8_fsw9RfgTegikV3Olyzn26CLJTStVRFtkmm7qnFCOCXXnq7FxhnjYqkH-Ew\" data-hovercard-prefer-more-content-show=\"1\" data-hovercard=\"\/ajax\/hovercard\/user.php?id=100007100567863&amp;extragetparams=%7B%22__tn__%22%3A%22%2CdC-R-R%22%2C%22eid%22%3A%22ARAONN_vhCTIM7cKrkQjDW9_wyt2IlnS7lOPcwpLzSB0ac9SGsOXU_bgTZ2GIYoBeKX45uzLTvN4jVVv%22%2C%22hc_ref%22%3A%22ARTGoLo8_fsw9RfgTegikV3Olyzn26CLJTStVRFtkmm7qnFCOCXXnq7FxhnjYqkH-Ew%22%2C%22fref%22%3A%22nf%22%7D\">Jutta Betzing<\/a><\/span><\/span><\/h5>\n<div id=\"feed_subtitle_100007100567863;2456849147895080;;9\" class=\"_5pcp _5lel _2jyu _232_\" data-testid=\"story-subtitle\"><span class=\"g_14zndmncnm\"><span class=\"fsm fwn fcg\"><a class=\"_5pcq\" href=\"https:\/\/www.facebook.com\/permalink.php?story_fbid=2456849147895080&amp;id=100007100567863\" target=\"\"><abbr class=\"_5ptz timestamp livetimestamp\" title=\"06.12.19, 08:43\" data-shorten=\"1\" data-utime=\"1575618232\"><span id=\"js_a\" class=\"timestampContent\">5 Std.<\/span><\/abbr><\/a><\/span><\/span><span class=\"_6spk\"> \u00b7 <\/span><\/p>\n<div id=\"js_g1\" class=\"_6a _29ee _4f-9 _43_1\" data-tooltip-content=\"Geteilt mit: \u00d6ffentlich\" data-hover=\"tooltip\"><\/div>\n<\/div>\n<\/div>\n<\/div>\n<\/div>\n<\/div>\n<\/div>\n<\/div>\n<\/div>\n<div id=\"js_b\" class=\"_5pbx userContent _3ds9 _3576\" data-ft=\"{&quot;tn&quot;:&quot;K&quot;}\" data-testid=\"post_message\">\n<p>Wichtiger Hinweis f\u00fcr Menschen in Abschiebegefahr und R\u00fcckkehrer nach AFG:<br \/>\nEin Handy, das kein Smartphone ist, kann im Notfall sehr wichtig sein. F\u00fcr Menschen, die sich in unmittelbarer Gefahr befinden abgeschoben zu werden, ist es sinnvoll ein Handy ohne Kamerafunktion und mit mehrt\u00e4giger Akkulaufzeit bei sich zu tragen. In diesem Handy sollte sich eine Prepaid-Karte befinden und im Handyspeicher die Nummer vom Anwalt, der Helfer vor Ort und von den Leuten, die man im Falle einer Festnahme unbedingt informieren m\u00f6chte. Die Handys mit Kamerafunktion werden in der Regel von der Polizei einbehalten, um unbefugte Aufnahmen zu verhindern. Es gibt keinen Grund Handys ohne diese Funktion wegzunehmen.<br \/>\nEure wichtigen Dokumente solltet Ihr auf einer Cloud speichern und die Zugangsdaten kennen. Dort m\u00fcssen auch \u00e4rztliche Gutachten, Attest und Krankengeschichte stehen.<br \/>\nAuch Arbeitsvertr\u00e4ge und Nummer vom Arbeitgeber. Immer aktuell halten.<br \/>\nDas kann Euch im letzten Augenblick vor dem Flug retten! Die Zugangsdaten im Notfall sofort an Helfer und Anw\u00e4lte geben.Gebt die Zugangsdaten im Handyspeicher ein.<\/p>\n<p>F\u00fcr Helfer ist es eine sehr sinnvolle Hilfem\u00f6glichkeit ihre Sch\u00fctzlinge mit so einem Handy auszustatten .Mit Prepaid-Karte und Handy bei einer Akkuleistung von ca. 5 Tagen kostet diese Hilfe etwa 30\u20ac.<br \/>\nLeider kommt f\u00fcr einige der Betroffenen auch die Zeit in AFG, und da gilt f\u00fcr jeden Menschen, dass Smartphones im Zweifelsfall t\u00f6dlich sind. Die Smartphones sollten gut versteckt dabei sein, aber ein Handy mit den gespeicherten Nummern im Handyspeicher ist das,was in AFG mitgef\u00fchrt werden kann. Bei Kontrollen in AFG, egal von welcher Gruppierung, werden die Handys verlangt, Fotos, Nummern aus Europa,deutsche und englische Texte f\u00fchren zu gro\u00dfen Problemen. Wer durch das Land fahren muss sollte nur ein Handy mit den wichtigsten Nummern im Handyspeicher dabei haben. Bei diesen Nummern ist es sinnvoll im Speicher die +49 wegzulassen und von Hand einzuf\u00fcgen wenn man sie braucht.<br \/>\nEure Dateien und wichtigen Fotos solltet Ihr auf einer Cloud , dann k\u00f6nnt ihr die gespeichern Zugangsdaten im Notfall an einen Freund geben.<br \/>\nSolange man hier lebt und nichts passiert mag einem das alles \u00fcbertrieben erscheinen, ich habe leider erlebt, das einem Jungen sein Smartphone in der Abschiebehaft weggenommen wurde und auch, dass mein lieber Freund in Afghanistan wegen seinen Dateien auf dem Smartphone fast gestorben w\u00e4re.<br \/>\nBitte nehmt diesen Ratschlag sehr ernst, wer so ein Handy nicht bezahlen kann darf gerne bei mir fragen. Ich versuche im Moment gemeinsam mit Freunden eine M\u00f6glichkeit zu finden jedem Menschen der wirklich in diesen grausamen Fl\u00fcgen nach Kabul dabei sein muss mit so einem Handy zu versorgen. Was hier unn\u00f6tig erscheint kann dort das Leben retten.<br \/>\nPasst auf Euch auf ich hoffe wir erreichen bald ein absolutes Abschiebeverbot, Deportion nach Afghanistan ist ein Versto\u00df gegen Menschenrechte.<\/p>\n<p>Kann das vielleicht jemand in Persisch \u00fcbersetzen? Dann f\u00fcge ich das ein. Vielen Dank.<\/p>\n<\/div>\n<\/blockquote>\n","protected":false},"excerpt":{"rendered":"<p>aus Facebook: https:\/\/www.facebook.com\/groups\/344404895746253\/permalink\/1289423901244343\/ und https:\/\/www.facebook.com\/permalink.php?story_fbid=2456849147895080&amp;id=100007100567863 Anmerkung Renate Schiele: Wegen der Relevanz f\u00fcr den betreffenden Personenkreis habe ich den Beitrag trotz anf\u00e4nglicher Bedenken eingestellt. Jutta Betzing 5 Std. \u00b7 Wichtiger Hinweis f\u00fcr Menschen in Abschiebegefahr und R\u00fcckkehrer nach AFG: Ein Handy, das kein Smartphone ist, kann im Notfall sehr wichtig sein. F\u00fcr Menschen, die sich in &#8230; <a title=\"Tipp aus Facebook: einfaches Handy bei Abschiebegefahr nach Afghanistan sinnvoll\" class=\"read-more\" href=\"https:\/\/rt-europaallee.de\/wordpress\/2019\/12\/tipp-aus-facebook-einfaches-handy-bei-abschiebegefahr-nach-afghanistan-sinnvoll\/\" aria-label=\"Mehr Informationen \u00fcber Tipp aus Facebook: einfaches Handy bei Abschiebegefahr nach Afghanistan sinnvoll\">Weiterlesen<\/a><\/p>\n","protected":false},"author":3,"featured_media":0,"comment_status":"closed","ping_status":"open","sticky":false,"template":"","format":"standard","meta":{"footnotes":""},"categories":[1],"tags":[],"class_list":["post-6872","post","type-post","status-publish","format-standard","hentry","category-allgemein"],"_links":{"self":[{"href":"https:\/\/rt-europaallee.de\/wordpress\/wp-json\/wp\/v2\/posts\/6872","targetHints":{"allow":["GET"]}}],"collection":[{"href":"https:\/\/rt-europaallee.de\/wordpress\/wp-json\/wp\/v2\/posts"}],"about":[{"href":"https:\/\/rt-europaallee.de\/wordpress\/wp-json\/wp\/v2\/types\/post"}],"author":[{"embeddable":true,"href":"https:\/\/rt-europaallee.de\/wordpress\/wp-json\/wp\/v2\/users\/3"}],"replies":[{"embeddable":true,"href":"https:\/\/rt-europaallee.de\/wordpress\/wp-json\/wp\/v2\/comments?post=6872"}],"version-history":[{"count":1,"href":"https:\/\/rt-europaallee.de\/wordpress\/wp-json\/wp\/v2\/posts\/6872\/revisions"}],"predecessor-version":[{"id":6873,"href":"https:\/\/rt-europaallee.de\/wordpress\/wp-json\/wp\/v2\/posts\/6872\/revisions\/6873"}],"wp:attachment":[{"href":"https:\/\/rt-europaallee.de\/wordpress\/wp-json\/wp\/v2\/media?parent=6872"}],"wp:term":[{"taxonomy":"category","embeddable":true,"href":"https:\/\/rt-europaallee.de\/wordpress\/wp-json\/wp\/v2\/categories?post=6872"},{"taxonomy":"post_tag","embeddable":true,"href":"https:\/\/rt-europaallee.de\/wordpress\/wp-json\/wp\/v2\/tags?post=6872"}],"curies":[{"name":"wp","href":"https:\/\/api.w.org\/{rel}","templated":true}]}}