{"id":7281,"date":"2020-02-01T15:00:29","date_gmt":"2020-02-01T14:00:29","guid":{"rendered":"http:\/\/rt-europaallee.org\/wordpress\/?p=7281"},"modified":"2020-02-01T15:44:02","modified_gmt":"2020-02-01T14:44:02","slug":"migrationszentrum-newsletter-31-01-2020-reflexionstreffen-vortrag-kundgebung","status":"publish","type":"post","link":"https:\/\/rt-europaallee.de\/wordpress\/2020\/02\/migrationszentrum-newsletter-31-01-2020-reflexionstreffen-vortrag-kundgebung\/","title":{"rendered":"Migrationszentrum, Newsletter 31.01.2020: Reflexionstreffen, Vortrag, Kundgebung,&#8230;"},"content":{"rendered":"<p>Weitergeleitete E- Mail von\u00a0<a href=\"mailto:rt-europaallee@gwhagenberg.de\">rt-europaallee@gwhagenberg.de<\/a> (31.01.2020)<\/p>\n<p>&nbsp;<\/p>\n<blockquote><p><strong>Gesendet:<\/strong>\u00a0Freitag, 31. Januar 2020 um 08:53 Uhr \u00a0 \u00a0 \u00a0 \u00a0 \u00a0 \u00a0 \u00a0 \u00a0 \u00a0 \u00a0 \u00a0 \u00a0 \u00a0 \u00a0 \u00a0 \u00a0 \u00a0 \u00a0 \u00a0 \u00a0 <strong>Von:<\/strong>\u00a0&#8222;Sei Willkommen&#8220; &lt;seiwillkommen@migrationszentrum-goettingen.de&gt; <strong>An:<\/strong>\u00a0&#8222;&#8218;Migrationszentrum G\u00f6ttingen'&#8220; &lt;info@migrationszentrum-goettingen.de&gt; <strong>Betreff:<\/strong>\u00a0Migrationszentrum, Newsletter 31.01.2020: Reflexionstreffen, Vortrag, Kundgebung,&#8230;<\/p>\n<p>Hallo liebe Ehrenamtliche, Freiwillige und Interessierte,<\/p>\n<p>&nbsp;<\/p>\n<p>&nbsp;<\/p>\n<p>am Montag, 03.02.2020, findet unser zweites Reflexionstreffen statt. Nachdem wir uns im ersten Treffen kennengelernt haben sowie \u00fcber den Inhalt der Treffen gesprochen wurde, steigen wir nun mit einem kleinen Input zum Thema \u201eKultur. Was ist das eigentlich?\u201c ein. Daran schlie\u00dfen wir, wie gew\u00fcnscht, eine Kollegiale Fallberatung an.<\/p>\n<p>&nbsp;<\/p>\n<p>Folgend nun eine Auswahl an Veranstaltungen und Terminen in den n\u00e4chsten Tagen:<\/p>\n<p>&nbsp;<\/p>\n<p><strong>Reflexionsgruppe f\u00fcr Ehrenamtliche im Migrationszentrum<\/strong><\/p>\n<p><strong>Wer?<\/strong> Stephan Seiler<\/p>\n<p><strong>Wann? <\/strong>Montag, 03.02.2020, 19.00-20.30 Uhr<\/p>\n<p><strong>Wo? <\/strong>Migrationszentrum, Weender Stra\u00dfe 42, 37073 G\u00f6ttingen <strong>Wie? <\/strong>F\u00fcr eine Anmeldung per E-Mail oder telefonisch w\u00e4re ich dankbar: <a href=\"mailto:seiwillkommen@migrationszentrum-goettingen.de\">seiwillkommen@migrationszentrum-goettingen.de<\/a>, 0551\/899930-25<\/p>\n<p>Beginnend mit einem kurzen Input zum Verst\u00e4ndnis von \u201eKultur\u201c, f\u00fchren wir unsere erste kollegiale Fallberatung in diesem Jahr durch.<\/p>\n<p>&nbsp;<\/p>\n<p>&nbsp;<\/p>\n<p><strong>H\u00c4?! Interaktives Theaterst\u00fcck \u00fcber Sprache und Verst\u00e4ndigung f\u00fcr die ganze Familie <\/strong><\/p>\n<p><strong>Wer?<\/strong> boat\u00a0 people projekt<\/p>\n<p><strong>Wann? <\/strong>Samstag, 01. Februar, 16:00 Uhr<\/p>\n<p><strong>Wo? <\/strong>Werkraum, Stresemannstr. 24c, 37079 G\u00f6ttingen <strong>Wie? <\/strong>Ticketpreis 3\u20ac, Kartenverkauf direkt an der Tageskasse. Siehe auch <a href=\"https:\/\/www.boatpeopleprojekt.de\/produktionen\/stuecke-aktuell\/hae\/\">https:\/\/www.boatpeopleprojekt.de\/produktionen\/stuecke-aktuell\/hae\/<\/a><\/p>\n<p>&nbsp;<\/p>\n<p>Chiludi ist Gl\u00fccksforscherin und auf der Suche nach der richtigen Wortformel f\u00fcr die perfekte Verst\u00e4ndigung. Sie w\u00fcnscht sich nichts mehr, als immer verstanden zu werden und alle zu verstehen. Ein gro\u00dfes Ziel! H\u00c4?! ist ein interaktives Theaterst\u00fcck f\u00fcr Gro\u00df und Klein, das sich mit verbaler und nonverbaler Verst\u00e4ndigung und Missverst\u00e4ndnissen auseinandersetzt. Wann ist\u00a0uns die Sprache im Weg, wann ist sie besonders n\u00fctzlich? Wie k\u00f6nnen wir uns ohne Worte verst\u00e4ndlich machen? Was verstehen wir emotional immer? Gemeinsam mit Chiludi begeben wir uns auf\u00a0eine abenteuerliche Reise durch die Welt der Sprache. Auf dem Weg treffen wir sprechende Briefumschl\u00e4ge, redselige Taschen und plappernde Brillenetuis und viele viele Missverst\u00e4ndnisse. Wird Chiludi ihr Ziel erreichen?<\/p>\n<p>F\u00fcr Kinder von 5 bis 10 Jahren, geeignet f\u00fcr die ganze Familie.<\/p>\n<p><strong>\u00a0<\/strong><\/p>\n<p><strong>\u00a0<\/strong><\/p>\n<p><strong>Kundgebung gegen Abschiebung<\/strong><\/p>\n<p><strong>Wer?<\/strong> B\u00fcndnis gegen Abschiebung, AK Asyl, Basisdemokratische Linke<\/p>\n<p><strong>Wann? <\/strong>Donnerstag, 06. Februar, 15:30 Uhr<\/p>\n<p><strong>Wo? <\/strong>Northeim, Landkreisgeb\u00e4ude <strong>Wie? <\/strong>Um 14:45 Uhr treffen der Teilnehmenden am Hbf G\u00f6ttingen, Abfahrt nach Northeim um 15:07 Uhr<\/p>\n<p>&nbsp;<\/p>\n<p>\u201eDie Ausl\u00e4nderbeh\u00f6rde im Landkreis Northeim zeigte mal wieder eine uns\u00e4gliche H\u00e4rte und Unmenschlichkeit im Umgang mit Gefl\u00fcchteten. Gleich zweimal hat die Ausl\u00e4nderbeh\u00f6rde Ende letzten Jahres Familien auseinandergerissen, um ihren Abschiebewillen durchzusetzen.<\/p>\n<p>Dagegen soll in Northeim protestiert werden. Der Ausl\u00e4nderbeh\u00f6rde Northeim soll dabei gezeigt werden, dass dieses Verhalten nicht kommentarlos hingenommen wird.<\/p>\n<p>Am 06. Februar wird mit einer Kundgebung in Northeim auf die Abschiebepolitik der Ausl\u00e4nderbeh\u00f6rde aufmerksam gemacht und ein bedingungsloses Bleiberecht f\u00fcr Gefl\u00fcchtete gefordert.\u201c (Text und Aufruf der Veranstalter*innen)<\/p>\n<p>&nbsp;<\/p>\n<p>&nbsp;<\/p>\n<p><strong>Vortrag zu sexuellem Missbrauch von Frauen*: \u201eIch habe \u00fcberlebt\u201c<\/strong><\/p>\n<p><strong>Wer?<\/strong> Sexualisierte Gewalt \u00dcberleben<\/p>\n<p><strong>Wann? <\/strong>Samstag, 08. Februar, 18:00 Uhr<\/p>\n<p><strong>Wo? <\/strong>ZHG 011, Campus G\u00f6ttingen <a href=\"https:\/\/lageplan.uni-goettingen.de\/?ident=5257_1_1.OG_1.151\">Lageplan Uni G\u00f6ttingen<\/a><strong>Wie? <\/strong>Offene Veranstaltung<\/p>\n<p>&nbsp;<\/p>\n<p>Sexualisierte Gewalt \u00dcberleben ist eine Gruppe von Feminist*innen, die seit \u00fcber drei Jahren zu einer Veranstaltung am internationalen Tag gegen Gewalt an Frauen arbeitet. Eine von Ihnen, Ute Neumann, erz\u00e4hlt aus ihrer Perspektive als \u00dcberlebende von sexualisierter Gewalt. Sie erz\u00e4hlt ihre eigene Geschichte und leitet daraus die strukturellen Bedingungen ab, die zu sexualisierter Gewalt f\u00fchren k\u00f6nnen: Ute Neumann benennt T\u00e4terstrategien und erz\u00e4hlt, wie sie es geschafft hat, trotz gesellschaftlicher H\u00fcrden und pers\u00f6nlicher Abwehrmechanismen einen Umgang zu finden und mit ihrer Geschichte an die \u00d6ffentlichkeit zu gehen, um auch andere dazu zu ermutigen. Sie verkn\u00fcpft ihre Erfahrungen mit politischen Forderungen: Es braucht gesellschaftliche Ver\u00e4nderungen im Politischen und Privaten, damit sexualisierte Gewalt nicht l\u00e4nger tabuisiert wird und deutlich wird: Die Betroffenen sind nicht schuld.<\/p>\n<p>&nbsp;<\/p>\n<p>&nbsp;<\/p>\n<p>&nbsp;<\/p>\n<p>Viele Gr\u00fc\u00dfe<\/p>\n<p>Stephan Seiler<\/p>\n<p>Soziale Arbeit M.A.<\/p>\n<p>Sozialarbeiter B.A.<\/p>\n<p>&#8212;&#8212;&#8212;&#8211;<\/p>\n<p>Sei Willkommen<\/p>\n<p>Koordination ehrenamtlicher Fl\u00fcchtlingshilfe<\/p>\n<p><strong>Migrationszentum<\/strong><\/p>\n<p>f\u00fcr Stadt und Landkreis G\u00f6ttingen<\/p>\n<p>in Tr\u00e4gerschaft des Diakonieverbands G\u00f6ttingen<\/p>\n<p>Weender Stra\u00dfe 42<\/p>\n<p>37073 G\u00f6ttingen<\/p>\n<p>Tel.: 0551\/899930-26<\/p>\n<p>Fax: 0551\/531018<\/p>\n<p>seiwillkommen@migrationszentrum-goettingen.de<\/p>\n<p><a href=\"http:\/\/www.migrationszentrum-goettingen.de\">www.migrationszentrum-goettingen.de<\/a><\/p><\/blockquote>\n<h4><\/h4>\n<h4>Anhang:<\/h4>\n<p><a href=\"http:\/\/rt-europaallee.org\/wordpress\/wp-content\/uploads\/2020\/02\/2020_08_02_Ich-habe-\u00fcberlebt.pdf\">http:\/\/rt-europaallee.org\/wordpress\/wp-content\/uploads\/2020\/02\/2020_08_02_Ich-habe-\u00fcberlebt.pdf<\/a><\/p>\n<p>&nbsp;<\/p>\n","protected":false},"excerpt":{"rendered":"<p>Weitergeleitete E- Mail von\u00a0rt-europaallee@gwhagenberg.de (31.01.2020) &nbsp; Gesendet:\u00a0Freitag, 31. Januar 2020 um 08:53 Uhr \u00a0 \u00a0 \u00a0 \u00a0 \u00a0 \u00a0 \u00a0 \u00a0 \u00a0 \u00a0 \u00a0 \u00a0 \u00a0 \u00a0 \u00a0 \u00a0 \u00a0 \u00a0 \u00a0 \u00a0 Von:\u00a0&#8222;Sei Willkommen&#8220; &lt;seiwillkommen@migrationszentrum-goettingen.de&gt; An:\u00a0&#8222;&#8218;Migrationszentrum G\u00f6ttingen&#8217;&#8220; &lt;info@migrationszentrum-goettingen.de&gt; Betreff:\u00a0Migrationszentrum, Newsletter 31.01.2020: Reflexionstreffen, Vortrag, Kundgebung,&#8230; Hallo liebe Ehrenamtliche, Freiwillige und Interessierte, &nbsp; &nbsp; am Montag, &#8230; <a title=\"Migrationszentrum, Newsletter 31.01.2020: Reflexionstreffen, Vortrag, Kundgebung,&#8230;\" class=\"read-more\" href=\"https:\/\/rt-europaallee.de\/wordpress\/2020\/02\/migrationszentrum-newsletter-31-01-2020-reflexionstreffen-vortrag-kundgebung\/\" aria-label=\"Mehr Informationen \u00fcber Migrationszentrum, Newsletter 31.01.2020: Reflexionstreffen, Vortrag, Kundgebung,&#8230;\">Weiterlesen<\/a><\/p>\n","protected":false},"author":3,"featured_media":0,"comment_status":"closed","ping_status":"open","sticky":false,"template":"","format":"standard","meta":{"footnotes":""},"categories":[1],"tags":[],"class_list":["post-7281","post","type-post","status-publish","format-standard","hentry","category-allgemein"],"_links":{"self":[{"href":"https:\/\/rt-europaallee.de\/wordpress\/wp-json\/wp\/v2\/posts\/7281","targetHints":{"allow":["GET"]}}],"collection":[{"href":"https:\/\/rt-europaallee.de\/wordpress\/wp-json\/wp\/v2\/posts"}],"about":[{"href":"https:\/\/rt-europaallee.de\/wordpress\/wp-json\/wp\/v2\/types\/post"}],"author":[{"embeddable":true,"href":"https:\/\/rt-europaallee.de\/wordpress\/wp-json\/wp\/v2\/users\/3"}],"replies":[{"embeddable":true,"href":"https:\/\/rt-europaallee.de\/wordpress\/wp-json\/wp\/v2\/comments?post=7281"}],"version-history":[{"count":1,"href":"https:\/\/rt-europaallee.de\/wordpress\/wp-json\/wp\/v2\/posts\/7281\/revisions"}],"predecessor-version":[{"id":7283,"href":"https:\/\/rt-europaallee.de\/wordpress\/wp-json\/wp\/v2\/posts\/7281\/revisions\/7283"}],"wp:attachment":[{"href":"https:\/\/rt-europaallee.de\/wordpress\/wp-json\/wp\/v2\/media?parent=7281"}],"wp:term":[{"taxonomy":"category","embeddable":true,"href":"https:\/\/rt-europaallee.de\/wordpress\/wp-json\/wp\/v2\/categories?post=7281"},{"taxonomy":"post_tag","embeddable":true,"href":"https:\/\/rt-europaallee.de\/wordpress\/wp-json\/wp\/v2\/tags?post=7281"}],"curies":[{"name":"wp","href":"https:\/\/api.w.org\/{rel}","templated":true}]}}