{"id":8272,"date":"2020-05-11T16:39:52","date_gmt":"2020-05-11T14:39:52","guid":{"rendered":"http:\/\/rt-europaallee.org\/wordpress\/?p=8272"},"modified":"2020-05-12T18:55:37","modified_gmt":"2020-05-12T16:55:37","slug":"der-begegnungsgarten-holtenser-berg-stellt-sich-vor","status":"publish","type":"post","link":"https:\/\/rt-europaallee.de\/wordpress\/2020\/05\/der-begegnungsgarten-holtenser-berg-stellt-sich-vor\/","title":{"rendered":"Der Begegnungsgarten Holtenser Berg stellt sich vor:"},"content":{"rendered":"<h4>E-Mail\/ Beitrag von\u00a0Juan Torroba Bordallo &lt;<a href=\"mailto:kontakt@garten-hoberg.de\">kontakt@garten-hoberg.de<\/a>&gt; (11.05.2020):<\/h4>\n<blockquote><p><img decoding=\"async\" class=\"aligncenter\" src=\"http:\/\/rt-europaallee.org\/wordpress\/wp-content\/uploads\/2020\/05\/Begegnungsgarten-Holtenser-Berg.xs_.png\" \/><\/p>\n<p>Begegnungsgarten Holtenser Berg \u2013 Menschen, Pflanzen, Begegnungen und Klimaschutz<\/p>\n<p>Der Nachbarschaftsverein Holtenser Berg e.V. baut einen Begegnungsgarten auf. Dieser Garten wird f\u00fcr und von Nachbar*innen gebaut und soll sich als offener Raum gestalten, in dem Menschen aus verschiedenen Herk\u00fcnften Gem\u00fcse anbauen und Kontakt zur Natur und anderen Mitmenschen erleben. Au\u00dferdem ist Ziel des Projektes gemeinsam ein Bewusstsein f\u00fcr relevante Umweltthemen und Wissen \u00fcber Klimaschutz zu schaffen. Deshalb werden im Rahmen des Projektes verschiedene Workshops zum Thema Kompost, biologischer Anbau, Mischkulturen oder Solar-D\u00f6rr-Anlag angeboten. Mit diesem Gemeinschaftsgarten m\u00f6chten wir unsere Nachbarschaft st\u00e4rken und Umweltbewusstsein im Raum G\u00f6ttingen schaffen.<\/p>\n<p>Dieses Projekt wird im Rahmen des Klimaschutzprojektes \u201eKurze Wege f\u00fcr den Klimaschutz&#8220; vom Bundesministerium f\u00fcr Umwelt, Naturschutz und nukleare Sicherheit gef\u00f6rdert.<\/p>\n<p>Kontakt und Informationen zum Projekt unter: <a href=\"mailto:kontakt@garten-hoberg.de\">kontakt@garten-hoberg.de<\/a> \u25aa https:\/\/garten-hoberg.de<\/p>\n<pre class=\"moz-signature\">-- \r\nJuan Torroba-Bordallo\r\nLondonstr. 11a \r\n37079 G\u00f6ttingen\r\nTel: 017686343820\r\nE-Mail: <a class=\"moz-txt-link-abbreviated\" href=\"mailto:kontakt@garten-hoberg.de\">kontakt@garten-hoberg.de<\/a>\r\nWebseite: <a class=\"moz-txt-link-freetext\" href=\"https:\/\/garten-hoberg.de\">https:\/\/garten-hoberg.de<\/a>\r\nBegegnungsgarten Holtenser Berg\r\nEin Projekt des Nachbarschaftsvereins Holtenser Berg e.V.<\/pre>\n<\/blockquote>\n<h4>Der Begegnungsgarten m\u00f6chte noch auf den Arbeitseinsatz am 16.05.2010 um 14:00 Uhr hinweisen:<\/h4>\n<blockquote>\n<h4><img decoding=\"async\" class=\"details-image aligncenter\" draggable=\"false\" src=\"http:\/\/rt-europaallee.org\/wordpress\/wp-content\/uploads\/2020\/05\/Begegnungsgarten_Arbeitseinsatz_16.05.-724x1024.png\" alt=\"\" \/><\/h4>\n<\/blockquote>\n<h4>(hier das <a href=\"http:\/\/rt-europaallee.org\/wordpress\/wp-content\/uploads\/2020\/05\/Begegnungsgarten_Arbeitseinsatz_16.05..pdf\">Plakat als PDF- Datei<\/a>)<\/h4>\n","protected":false},"excerpt":{"rendered":"<p>E-Mail\/ Beitrag von\u00a0Juan Torroba Bordallo &lt;kontakt@garten-hoberg.de&gt; (11.05.2020): Begegnungsgarten Holtenser Berg \u2013 Menschen, Pflanzen, Begegnungen und Klimaschutz Der Nachbarschaftsverein Holtenser Berg e.V. baut einen Begegnungsgarten auf. Dieser Garten wird f\u00fcr und von Nachbar*innen gebaut und soll sich als offener Raum gestalten, in dem Menschen aus verschiedenen Herk\u00fcnften Gem\u00fcse anbauen und Kontakt zur Natur und anderen Mitmenschen &#8230; <a title=\"Der Begegnungsgarten Holtenser Berg stellt sich vor:\" class=\"read-more\" href=\"https:\/\/rt-europaallee.de\/wordpress\/2020\/05\/der-begegnungsgarten-holtenser-berg-stellt-sich-vor\/\" aria-label=\"Mehr Informationen \u00fcber Der Begegnungsgarten Holtenser Berg stellt sich vor:\">Weiterlesen<\/a><\/p>\n","protected":false},"author":3,"featured_media":0,"comment_status":"closed","ping_status":"open","sticky":false,"template":"","format":"standard","meta":{"footnotes":""},"categories":[1],"tags":[],"class_list":["post-8272","post","type-post","status-publish","format-standard","hentry","category-allgemein"],"_links":{"self":[{"href":"https:\/\/rt-europaallee.de\/wordpress\/wp-json\/wp\/v2\/posts\/8272","targetHints":{"allow":["GET"]}}],"collection":[{"href":"https:\/\/rt-europaallee.de\/wordpress\/wp-json\/wp\/v2\/posts"}],"about":[{"href":"https:\/\/rt-europaallee.de\/wordpress\/wp-json\/wp\/v2\/types\/post"}],"author":[{"embeddable":true,"href":"https:\/\/rt-europaallee.de\/wordpress\/wp-json\/wp\/v2\/users\/3"}],"replies":[{"embeddable":true,"href":"https:\/\/rt-europaallee.de\/wordpress\/wp-json\/wp\/v2\/comments?post=8272"}],"version-history":[{"count":5,"href":"https:\/\/rt-europaallee.de\/wordpress\/wp-json\/wp\/v2\/posts\/8272\/revisions"}],"predecessor-version":[{"id":8296,"href":"https:\/\/rt-europaallee.de\/wordpress\/wp-json\/wp\/v2\/posts\/8272\/revisions\/8296"}],"wp:attachment":[{"href":"https:\/\/rt-europaallee.de\/wordpress\/wp-json\/wp\/v2\/media?parent=8272"}],"wp:term":[{"taxonomy":"category","embeddable":true,"href":"https:\/\/rt-europaallee.de\/wordpress\/wp-json\/wp\/v2\/categories?post=8272"},{"taxonomy":"post_tag","embeddable":true,"href":"https:\/\/rt-europaallee.de\/wordpress\/wp-json\/wp\/v2\/tags?post=8272"}],"curies":[{"name":"wp","href":"https:\/\/api.w.org\/{rel}","templated":true}]}}