{"id":8528,"date":"2020-06-29T11:44:06","date_gmt":"2020-06-29T09:44:06","guid":{"rendered":"http:\/\/rt-europaallee.org\/wordpress\/?p=8528"},"modified":"2020-06-29T11:44:06","modified_gmt":"2020-06-29T09:44:06","slug":"fluechtlingsrat-niedersachsen-materialien-aus-der-auseinandersetzung-mit-rassismus","status":"publish","type":"post","link":"https:\/\/rt-europaallee.de\/wordpress\/2020\/06\/fluechtlingsrat-niedersachsen-materialien-aus-der-auseinandersetzung-mit-rassismus\/","title":{"rendered":"Fl\u00fcchtlingsrat Niedersachsen: Materialien aus der Auseinandersetzung mit Rassismus"},"content":{"rendered":"<p>(Quelle: <a href=\"https:\/\/www.facebook.com\/Fluechtlingsrat.Niedersachsen\/\">https:\/\/www.facebook.com\/Fluechtlingsrat.Niedersachsen\/<\/a>)<\/p>\n<p>&nbsp;<\/p>\n<blockquote>\n<header class=\"entry-header\">\n<div class=\"_1dwg _1w_m _q7o\" data-visualcompletion=\"ignore-dynamic\">\n<div>\n<div class=\"k_14zndmo95b _5eit n_14zndms7pi clearfix\">\n<div class=\"clearfix j_14zndmo7cw\">\n<div class=\"clearfix _42ef\">\n<div class=\"h_14zndmo7cv\">\n<div>\n<div class=\"_6a _5u5j\">\n<div class=\"_6a _5u5j _6b\">\n<h6 id=\"js_2k\" class=\"_7tae _14f3 _14f5 _5pbw _5vra\" data-ft=\"{&quot;tn&quot;:&quot;C&quot;}\"><span class=\"fwn fcg\"><span class=\"fwb fcg\" data-ft=\"{&quot;tn&quot;:&quot;k&quot;}\"><a href=\"https:\/\/www.facebook.com\/Fluechtlingsrat.Niedersachsen\/?__tn__=kC-R&amp;eid=ARC08sanPhHKsuL0KElisJR0rj5_NsmbSE__HabMAS5M1YMyPNJ3nU7qPeoch72kDGudBLpfKNTsehGi&amp;hc_ref=ARRLCQNe9EMK-FxOthBRwVkeUg68YySfc0fxKg6_-BEyM_QFK7CFU8pTdGlwYdBk3JY&amp;fref=nf&amp;__xts__%5B0%5D=68.ARBPig0Gk5k_omP0RdkKFdlML4tkOCnj8WuI03T2B-8gVeB_wGgC4AEkCsLeEZCFeHPwVTV96G-FnqGeBbAe_sfENhDJ9z7HmDVRNAu8xRe1ZzYg122mS0DyyLpdU9oWODZDZKktARZf5upM5qb2UQDcOpKymZmbHJ4SSlPm7lWsf_vftTJXM6eud3b3RW2ULSqYSZUj-0oF5B4jqQqdiK2C5j9C6JzWcggDUn5ohbFBiOcykNTnIBzTJad9mgyhGLFZBUbtp2HWsIn7ZWKLh1YvmjHfG-CCnzFkPWy7fD5IwBA90LNpFojjvaoTQg76yn97mmaHc-hTZ9hd81UtEixFLQ\" data-hovercard=\"\/ajax\/hovercard\/page.php?id=104798859612949&amp;extragetparams=%7B%22__tn__%22%3A%22%2CdkC-R-R%22%2C%22eid%22%3A%22ARC08sanPhHKsuL0KElisJR0rj5_NsmbSE__HabMAS5M1YMyPNJ3nU7qPeoch72kDGudBLpfKNTsehGi%22%2C%22hc_ref%22%3A%22ARRLCQNe9EMK-FxOthBRwVkeUg68YySfc0fxKg6_-BEyM_QFK7CFU8pTdGlwYdBk3JY%22%2C%22fref%22%3A%22nf%22%7D\" data-hovercard-prefer-more-content-show=\"1\" data-hovercard-referer=\"ARRLCQNe9EMK-FxOthBRwVkeUg68YySfc0fxKg6_-BEyM_QFK7CFU8pTdGlwYdBk3JY\">Fl\u00fcchtlingsrat Niedersachsen<\/a><\/span><\/span><\/h6>\n<div id=\"feed_subtitle_104798859612949:-8234053334366673725\" class=\"_5pcp _5lel _2jyu _232_\" data-testid=\"story-subtitle\"><span class=\"g_14zndmncnm\"><span class=\"fsm fwn fcg\"><a class=\"_5pcq\" href=\"https:\/\/www.facebook.com\/Fluechtlingsrat.Niedersachsen\/photos\/a.229267433832757\/3158187514274053\/?type=3&amp;__xts__%5B0%5D=68.ARBPig0Gk5k_omP0RdkKFdlML4tkOCnj8WuI03T2B-8gVeB_wGgC4AEkCsLeEZCFeHPwVTV96G-FnqGeBbAe_sfENhDJ9z7HmDVRNAu8xRe1ZzYg122mS0DyyLpdU9oWODZDZKktARZf5upM5qb2UQDcOpKymZmbHJ4SSlPm7lWsf_vftTJXM6eud3b3RW2ULSqYSZUj-0oF5B4jqQqdiK2C5j9C6JzWcggDUn5ohbFBiOcykNTnIBzTJad9mgyhGLFZBUbtp2HWsIn7ZWKLh1YvmjHfG-CCnzFkPWy7fD5IwBA90LNpFojjvaoTQg76yn97mmaHc-hTZ9hd81UtEixFLQ&amp;__tn__=-R\" target=\"\" rel=\"theater\"><abbr class=\"_5ptz\" title=\"Samstag, 27. Juni 2020 um 09:00\" data-utime=\"1593241201\" data-shorten=\"1\"><span id=\"js_2l\" class=\"timestampContent\">27. Juni um 09:00<\/span><\/abbr><\/a><\/span><\/span><span class=\"_6spk\"> \u00b7 <\/span><i class=\"lock img sp_cIOtP9hsHUj sx_661bb0\"><\/i><\/div>\n<\/div>\n<\/div>\n<\/div>\n<\/div>\n<\/div>\n<\/div>\n<\/div>\n<div id=\"js_2m\" class=\"_5pbx userContent _3576\" data-testid=\"post_message\" data-ft=\"{&quot;tn&quot;:&quot;K&quot;}\">\n<p>Auf unserer Homepage haben wir f\u00fcr Euch einige Materialien aus der Auseinandersetzung mit Rassismus zusammengestellt. Anlass war der erneute Move anl\u00e4sslich des Mords an George Floyd. Dankbar haben wir den Anstoss aufgegriffen, diese L\u00fccke in unserem Angebot an Beratungsmaterialien zu schlie\u00dfen. Denn zum einen ist die Notwendigkeit und das Interesse an einer Auseinandersetzung mit Rassismus wieder gr\u00f6\u00dfer geworden und zum anderen ist \u00fcber die Jahrzehnte des Kampfes gegen rassistische Gewalt und Diskriminierung inzwischen eine F\u00fclle an Texten, Materialien und Initiativen \/ Institutionen zum Thema gewachsen. Sollten Euch wichtige Beitr\u00e4ge fehlen, freuen wir uns \u00fcber jeden Hinweise!<br \/>\n<a href=\"https:\/\/www.nds-fluerat.org\/infomaterial\/materialien-gegen-rassismus\/?fbclid=IwAR01qTRtQng7J_KhuccyrgW7iOGEOOe0j9vjbSftRZDTrwiinZqhHARx0P0\" target=\"_blank\" rel=\"nofollow noopener noreferrer\" data-ft=\"{&quot;tn&quot;:&quot;-U&quot;}\" data-lynx-mode=\"async\" data-lynx-uri=\"https:\/\/l.facebook.com\/l.php?u=https%3A%2F%2Fwww.nds-fluerat.org%2Finfomaterial%2Fmaterialien-gegen-rassismus%2F%3Ffbclid%3DIwAR01qTRtQng7J_KhuccyrgW7iOGEOOe0j9vjbSftRZDTrwiinZqhHARx0P0&amp;h=AT26YOtq03P4-BlqfYdFyPix3Rhy50pWj9363ZbOhBu-xrW4lzm8fkByULgM9XPgyNufyBQmysR6hg-4b9QOjuO645Qs5-QVJyxe2e-P7t_rgRUoYLTRlkW8JtDUM8N9PA3H9F7mSeerHiRBgYT1Mxkb7oBfQ85AfLe9DIB8hkwauT2CJILNN1pk2s-41G-iDKR_zwtZ4iApuryR1Oro0KBOWygZcJaFkCl52_SVUg2E-c7IcdI4Xb47S01beR76t-RJ5bNye9NIslPTmiB1gAhaQsl4DC7oZkc-PZzx7fX5lBboE_ssKlLAM_tJ7hhaspf1JnKz4JZtcsZzG1wyXf4c5CsJ6NbUQyjZuSiLmPrCzS5DKAaT_G8Ni0vZuPWGeqbckZdosYBo6E7uMdy0MRp1bfsmIAlmBgFvfnf74Y-Ntt7qwS8I5nhAN2uosGfkIfbONDDg1Dsiy3RdL3MZ4U83C3_BLw5g8Yv0gxoFU4C6YMu78QOl2BPeErhojw8lfJwzv9wddDLzpWM1VbnCCFLiGwCEPf2Y52cRsqnwhf22py7_i4D_mlAzbajC8cUqj78Qs9dt4b6VodZHfUI1uPv9mO94zO3Gi_L9Nfg6oYmLA8k79TeHs8kjBDju1CbxZahJ\">https:\/\/www.nds-fluerat.org\/in\u2026\/materialien-gegen-rassismus\/<\/a><\/p>\n<\/div>\n<div class=\"_3x-2\" data-ft=\"{&quot;tn&quot;:&quot;H&quot;}\">\n<div data-ft=\"{&quot;tn&quot;:&quot;H&quot;}\">\n<div class=\"mtm\">\n<div>\n<div class=\"_5cq3 _1ktf\" data-ft=\"{&quot;tn&quot;:&quot;E&quot;}\">\n<div id=\"u_8_e\" class=\"uiScaledImageContainer _4-ep\"><img loading=\"lazy\" decoding=\"async\" class=\"scaledImageFitWidth img aligncenter\" src=\"https:\/\/scontent-ham3-1.xx.fbcdn.net\/v\/t1.0-0\/s480x480\/105995807_3158187524274052_563007043040179604_o.png?_nc_cat=106&amp;_nc_sid=8024bb&amp;_nc_eui2=AeHcI6vv57DdYjw_heb5ApREO5d0hA2FJ1Y7l3SEDYUnVncuStpOrzISCxerBBCftPLktNNa_KBauZCRboIXwRZS&amp;_nc_ohc=6fxsIXSOT_wAX9RH6kY&amp;_nc_ht=scontent-ham3-1.xx&amp;oh=3ce714ee50f31170d75b11cb1e15eb18&amp;oe=5F20E6BB\" alt=\"Bild k\u00f6nnte enthalten: Text\" width=\"474\" height=\"292\" data-src=\"https:\/\/scontent-ham3-1.xx.fbcdn.net\/v\/t1.0-0\/s480x480\/105995807_3158187524274052_563007043040179604_o.png?_nc_cat=106&amp;_nc_sid=8024bb&amp;_nc_eui2=AeHcI6vv57DdYjw_heb5ApREO5d0hA2FJ1Y7l3SEDYUnVncuStpOrzISCxerBBCftPLktNNa_KBauZCRboIXwRZS&amp;_nc_ohc=6fxsIXSOT_wAX9RH6kY&amp;_nc_ht=scontent-ham3-1.xx&amp;oh=3ce714ee50f31170d75b11cb1e15eb18&amp;oe=5F20E6BB\" \/><\/div>\n<\/div>\n<\/div>\n<\/div>\n<\/div>\n<\/div>\n<div><\/div>\n<\/div>\n<\/div>\n<div>\n<form id=\"u_8_i\" class=\"commentable_item\" action=\"\/ajax\/ufi\/modify.php\" method=\"post\" data-ft=\"{&quot;tn&quot;:&quot;]&quot;}\">\n<div class=\"_4299\">\n<div class=\"_5vsi\"><\/div>\n<\/div>\n<\/form>\n<\/div>\n<\/header>\n<\/blockquote>\n","protected":false},"excerpt":{"rendered":"<p>(Quelle: https:\/\/www.facebook.com\/Fluechtlingsrat.Niedersachsen\/) &nbsp; Fl\u00fcchtlingsrat Niedersachsen 27. Juni um 09:00 \u00b7 Auf unserer Homepage haben wir f\u00fcr Euch einige Materialien aus der Auseinandersetzung mit Rassismus zusammengestellt. Anlass war der erneute Move anl\u00e4sslich des Mords an George Floyd. Dankbar haben wir den Anstoss aufgegriffen, diese L\u00fccke in unserem Angebot an Beratungsmaterialien zu schlie\u00dfen. Denn zum einen ist &#8230; <a title=\"Fl\u00fcchtlingsrat Niedersachsen: Materialien aus der Auseinandersetzung mit Rassismus\" class=\"read-more\" href=\"https:\/\/rt-europaallee.de\/wordpress\/2020\/06\/fluechtlingsrat-niedersachsen-materialien-aus-der-auseinandersetzung-mit-rassismus\/\" aria-label=\"Mehr Informationen \u00fcber Fl\u00fcchtlingsrat Niedersachsen: Materialien aus der Auseinandersetzung mit Rassismus\">Weiterlesen<\/a><\/p>\n","protected":false},"author":3,"featured_media":0,"comment_status":"closed","ping_status":"open","sticky":false,"template":"","format":"standard","meta":{"footnotes":""},"categories":[1],"tags":[],"class_list":["post-8528","post","type-post","status-publish","format-standard","hentry","category-allgemein"],"_links":{"self":[{"href":"https:\/\/rt-europaallee.de\/wordpress\/wp-json\/wp\/v2\/posts\/8528","targetHints":{"allow":["GET"]}}],"collection":[{"href":"https:\/\/rt-europaallee.de\/wordpress\/wp-json\/wp\/v2\/posts"}],"about":[{"href":"https:\/\/rt-europaallee.de\/wordpress\/wp-json\/wp\/v2\/types\/post"}],"author":[{"embeddable":true,"href":"https:\/\/rt-europaallee.de\/wordpress\/wp-json\/wp\/v2\/users\/3"}],"replies":[{"embeddable":true,"href":"https:\/\/rt-europaallee.de\/wordpress\/wp-json\/wp\/v2\/comments?post=8528"}],"version-history":[{"count":2,"href":"https:\/\/rt-europaallee.de\/wordpress\/wp-json\/wp\/v2\/posts\/8528\/revisions"}],"predecessor-version":[{"id":8530,"href":"https:\/\/rt-europaallee.de\/wordpress\/wp-json\/wp\/v2\/posts\/8528\/revisions\/8530"}],"wp:attachment":[{"href":"https:\/\/rt-europaallee.de\/wordpress\/wp-json\/wp\/v2\/media?parent=8528"}],"wp:term":[{"taxonomy":"category","embeddable":true,"href":"https:\/\/rt-europaallee.de\/wordpress\/wp-json\/wp\/v2\/categories?post=8528"},{"taxonomy":"post_tag","embeddable":true,"href":"https:\/\/rt-europaallee.de\/wordpress\/wp-json\/wp\/v2\/tags?post=8528"}],"curies":[{"name":"wp","href":"https:\/\/api.w.org\/{rel}","templated":true}]}}