{"id":9190,"date":"2020-09-27T12:11:01","date_gmt":"2020-09-27T10:11:01","guid":{"rendered":"http:\/\/rt-europaallee.org\/wordpress\/?p=9190"},"modified":"2020-09-27T12:12:16","modified_gmt":"2020-09-27T10:12:16","slug":"hna-warnstreik-in-goettingen-stadtbusverkehr-ganztaegig-unterbrochen","status":"publish","type":"post","link":"https:\/\/rt-europaallee.de\/wordpress\/2020\/09\/hna-warnstreik-in-goettingen-stadtbusverkehr-ganztaegig-unterbrochen\/","title":{"rendered":"HNA: Warnstreik in G\u00f6ttingen: Stadtbusverkehr am 29.09.2020 ganzt\u00e4gig unterbrochen"},"content":{"rendered":"<h4>Der ganze Artikel auf<br \/>\n<a href=\"https:\/\/www.hna.de\/lokales\/goettingen\/goettingen-ort28741\/warnstreik-on-goettingen-keine-stadtbusse-am-dienstag-90053952.html?fbclid=IwAR2-Li29ZXr0W5Pc3pYHffYlG0orCricqkOoV4KoZEbOi6U5Z1f9_HKhS1I\">https:\/\/www.hna.de\/lokales\/goettingen\/goettingen-ort28741\/warnstreik-on-goettingen-keine-stadtbusse-am-dienstag-90053952.html?fbclid=IwAR2-Li29ZXr0W5Pc3pYHffYlG0orCricqkOoV4KoZEbOi6U5Z1f9_HKhS1I<\/a><\/h4>\n<p>&nbsp;<\/p>\n<blockquote>\n<h2 class=\"id-Article-headline \">Warnstreik in G\u00f6ttingen: Stadtbusverkehr ganzt\u00e4gig unterbrochen<\/h2>\n<p class=\"id-Article-date\"><time class=\"id-DateTime id-Article-date-time--published \" datetime=\"2020-09-27T07:51\"><span class=\"id-DateTime-date\">27.09.2020<\/span><span class=\"id-DateTime-time\">07:51<\/span><\/time><\/p>\n<div class=\"id-Article-body id-Article-body--margin lp_article_content tbl-forkorts-article\">\n<figure class=\"id-Article-mainMedia id-Article-mainMedia-image id-Mediabox \">\n<div class=\"id-Mediabox-media\">\n<div class=\"id-RatioWrap id-RatioWrap--fourByThree id-RatioWrap--sixteenByNine \">\n<div class=\"id-RatioWrap-content\"><img decoding=\"async\" title=\"Ein Stadtbus der G\u00f6ttinger Verkehrsbetriebe \" src=\"https:\/\/www.hna.de\/bilder\/2020\/09\/25\/90053952\/24031089-ganztaegiger-warnstreik-deshalb-fahren-am-dienstag-29-september-keine-stadtbusse-der-goettinger-verkehrsbetriebe-goevb-archivfoto-bernd-schlegel-2uOLkF2DUqa7.jpg\" sizes=\"(min-width:900px) 1004px, (min-width:640px) 97vw, (min-width:480px) 96vw, 94vw \" srcset=\"\/\/www.hna.de\/bilder\/2020\/09\/25\/90053952\/24031089-ganztaegiger-warnstreik-deshalb-fahren-am-dienstag-29-september-keine-stadtbusse-der-goettinger-verkehrsbetriebe-goevb-archivfoto-bernd-schlegel-2uOLkF2DUqf9.jpg 2200w, \/\/www.hna.de\/bilder\/2020\/09\/25\/90053952\/24031089-ganztaegiger-warnstreik-deshalb-fahren-am-dienstag-29-september-keine-stadtbusse-der-goettinger-verkehrsbetriebe-goevb-archivfoto-bernd-schlegel-2uOLkF2DUqac.jpg 342w, \/\/www.hna.de\/bilder\/2020\/09\/25\/90053952\/24031089-ganztaegiger-warnstreik-deshalb-fahren-am-dienstag-29-september-keine-stadtbusse-der-goettinger-verkehrsbetriebe-goevb-archivfoto-bernd-schlegel-2uOLkF2DUqGI.jpg 467w, \/\/www.hna.de\/bilder\/2020\/09\/25\/90053952\/24031089-ganztaegiger-warnstreik-deshalb-fahren-am-dienstag-29-september-keine-stadtbusse-der-goettinger-verkehrsbetriebe-goevb-archivfoto-bernd-schlegel-2uOLkF2DUq75.jpg 512w, \/\/www.hna.de\/bilder\/2020\/09\/25\/90053952\/24031089-ganztaegiger-warnstreik-deshalb-fahren-am-dienstag-29-september-keine-stadtbusse-der-goettinger-verkehrsbetriebe-goevb-archivfoto-bernd-schlegel-2uOLkF2DUq8e.jpg 640w, \/\/www.hna.de\/bilder\/2020\/09\/25\/90053952\/24031089-ganztaegiger-warnstreik-deshalb-fahren-am-dienstag-29-september-keine-stadtbusse-der-goettinger-verkehrsbetriebe-goevb-archivfoto-bernd-schlegel-2uOLkF2DUqBI.jpg 700w, \/\/www.hna.de\/bilder\/2020\/09\/25\/90053952\/24031089-ganztaegiger-warnstreik-deshalb-fahren-am-dienstag-29-september-keine-stadtbusse-der-goettinger-verkehrsbetriebe-goevb-archivfoto-bernd-schlegel-2uOLkF2DUqNG.jpg 1000w, \/\/www.hna.de\/bilder\/2020\/09\/25\/90053952\/24031089-ganztaegiger-warnstreik-deshalb-fahren-am-dienstag-29-september-keine-stadtbusse-der-goettinger-verkehrsbetriebe-goevb-archivfoto-bernd-schlegel-2uOLkF2DUqa7.jpg 1024w, \/\/www.hna.de\/bilder\/2020\/09\/25\/90053952\/24031089-ganztaegiger-warnstreik-deshalb-fahren-am-dienstag-29-september-keine-stadtbusse-der-goettinger-verkehrsbetriebe-goevb-archivfoto-bernd-schlegel-2uOLkF2DUq6b.jpg 1536w\" alt=\"Ein Stadtbus der G\u00f6ttinger Verkehrsbetriebe \" \/><\/div>\n<\/div>\n<p><a class=\"id-Mediabox-zoom\" title=\"Bilderzoom\" href=\"https:\/\/www.hna.de\/lokales\/goettingen\/goettingen-ort28741\/warnstreik-on-goettingen-keine-stadtbusse-am-dienstag-90053952.html?fbclid=IwAR2-Li29ZXr0W5Pc3pYHffYlG0orCricqkOoV4KoZEbOi6U5Z1f9_HKhS1I#\" data-id-module=\"lightbox\" data-id-mconf=\"{&quot;height&quot;:1321,&quot;width&quot;:2048,&quot;copyright&quot;:&quot;Bernd Schlegel\\\\\/Archiv&quot;,&quot;type&quot;:&quot;CONTAINER&quot;}\"> <span class=\"id-Mediabox-zoom-icon\" data-id-module=\"lazyload\" data-id-mconf=\"{&quot;trigger&quot;:&quot;lightbox.open&quot;,&quot;formatAdjustment&quot;:&quot;RETAIN&quot;,&quot;storyId&quot;:&quot;90053952&quot;,&quot;isFullscreen&quot;:true,&quot;type&quot;:&quot;STORYIMAGE&quot;,&quot;invertLoadingState&quot;:true,&quot;calculateImageRatio&quot;:true,&quot;storyImageIndex&quot;:0}\"><span class=\"id-Icon-hideText\">+<\/span><\/span> <\/a><\/p>\n<\/div><figcaption class=\"id-Mediabox-info\">\n<div class=\"id-Mediabox-info-el id-Mediabox-info-caption\">Ganzt\u00e4giger Warnstreik: Deshalb fahren am Dienstag, 29. September, keine Stadtbusse der G\u00f6ttinger Verkehrsbetriebe (G\u00f6VB).<\/div>\n<div class=\"id-Mediabox-info-el id-Mediabox-info-copyright\">\u00a9\u00a0Bernd Schlegel\/Archiv<\/div>\n<\/figcaption><\/figure>\n<p class=\"id-Article-content-item id-Article-content-item-summary\">Bislang war S\u00fcdniedersachsen von den Warnstreiks im \u00f6ffentlichen Dienst verschont. Das \u00e4ndert sich am Dienstag, 29. September. Dann gibt es einen Aktionstag in G\u00f6ttingen.<\/p>\n<div class=\"p402_premium\"><\/div>\n<div class=\"p402_hide\">\n<p class=\"id-Article-content-item id-Article-content-item-paragraph id-Article-content-item--first\">G\u00f6ttingen \u2013 Folgende Betriebe und Einrichtungen werden laut Gewerkschaft Verdi am Dienstag in den ganzt\u00e4gigen Warnstreik einbezogen: G\u00f6ttinger Verkehrsbetriebe (G\u00f6VB), Stadt G\u00f6ttingen, Kreisverwaltung G\u00f6ttingen (nur Dienstsitz G\u00f6ttingen), Stadtwerke G\u00f6ttingen, KEI Kindergarten G\u00f6ttinger Entsorgungsbetriebe sowie Sparkasse G\u00f6ttingen.<\/p>\n<h4 class=\"id-Article-content-item id-Article-content-item-paragraph id-Article-content-item--first\">&#8230;<\/h4>\n<\/div>\n<\/div>\n<\/blockquote>\n","protected":false},"excerpt":{"rendered":"<p>Der ganze Artikel auf https:\/\/www.hna.de\/lokales\/goettingen\/goettingen-ort28741\/warnstreik-on-goettingen-keine-stadtbusse-am-dienstag-90053952.html?fbclid=IwAR2-Li29ZXr0W5Pc3pYHffYlG0orCricqkOoV4KoZEbOi6U5Z1f9_HKhS1I &nbsp; Warnstreik in G\u00f6ttingen: Stadtbusverkehr ganzt\u00e4gig unterbrochen 27.09.202007:51 + Ganzt\u00e4giger Warnstreik: Deshalb fahren am Dienstag, 29. September, keine Stadtbusse der G\u00f6ttinger Verkehrsbetriebe (G\u00f6VB). \u00a9\u00a0Bernd Schlegel\/Archiv Bislang war S\u00fcdniedersachsen von den Warnstreiks im \u00f6ffentlichen Dienst verschont. Das \u00e4ndert sich am Dienstag, 29. September. Dann gibt es einen Aktionstag in G\u00f6ttingen. G\u00f6ttingen &#8230; <a title=\"HNA: Warnstreik in G\u00f6ttingen: Stadtbusverkehr am 29.09.2020 ganzt\u00e4gig unterbrochen\" class=\"read-more\" href=\"https:\/\/rt-europaallee.de\/wordpress\/2020\/09\/hna-warnstreik-in-goettingen-stadtbusverkehr-ganztaegig-unterbrochen\/\" aria-label=\"Mehr Informationen \u00fcber HNA: Warnstreik in G\u00f6ttingen: Stadtbusverkehr am 29.09.2020 ganzt\u00e4gig unterbrochen\">Weiterlesen<\/a><\/p>\n","protected":false},"author":3,"featured_media":0,"comment_status":"closed","ping_status":"open","sticky":false,"template":"","format":"standard","meta":{"footnotes":""},"categories":[1],"tags":[],"class_list":["post-9190","post","type-post","status-publish","format-standard","hentry","category-allgemein"],"_links":{"self":[{"href":"https:\/\/rt-europaallee.de\/wordpress\/wp-json\/wp\/v2\/posts\/9190","targetHints":{"allow":["GET"]}}],"collection":[{"href":"https:\/\/rt-europaallee.de\/wordpress\/wp-json\/wp\/v2\/posts"}],"about":[{"href":"https:\/\/rt-europaallee.de\/wordpress\/wp-json\/wp\/v2\/types\/post"}],"author":[{"embeddable":true,"href":"https:\/\/rt-europaallee.de\/wordpress\/wp-json\/wp\/v2\/users\/3"}],"replies":[{"embeddable":true,"href":"https:\/\/rt-europaallee.de\/wordpress\/wp-json\/wp\/v2\/comments?post=9190"}],"version-history":[{"count":3,"href":"https:\/\/rt-europaallee.de\/wordpress\/wp-json\/wp\/v2\/posts\/9190\/revisions"}],"predecessor-version":[{"id":9193,"href":"https:\/\/rt-europaallee.de\/wordpress\/wp-json\/wp\/v2\/posts\/9190\/revisions\/9193"}],"wp:attachment":[{"href":"https:\/\/rt-europaallee.de\/wordpress\/wp-json\/wp\/v2\/media?parent=9190"}],"wp:term":[{"taxonomy":"category","embeddable":true,"href":"https:\/\/rt-europaallee.de\/wordpress\/wp-json\/wp\/v2\/categories?post=9190"},{"taxonomy":"post_tag","embeddable":true,"href":"https:\/\/rt-europaallee.de\/wordpress\/wp-json\/wp\/v2\/tags?post=9190"}],"curies":[{"name":"wp","href":"https:\/\/api.w.org\/{rel}","templated":true}]}}