{"id":9202,"date":"2020-09-28T18:47:32","date_gmt":"2020-09-28T16:47:32","guid":{"rendered":"http:\/\/rt-europaallee.org\/wordpress\/?p=9202"},"modified":"2020-09-28T20:05:38","modified_gmt":"2020-09-28T18:05:38","slug":"migrationszentrum-newsletter-28-09-2020-pressemitteilung-gesuche-ehrenamtliche-bfgoe-weiterbildungsreihe-etc","status":"publish","type":"post","link":"https:\/\/rt-europaallee.de\/wordpress\/2020\/09\/migrationszentrum-newsletter-28-09-2020-pressemitteilung-gesuche-ehrenamtliche-bfgoe-weiterbildungsreihe-etc\/","title":{"rendered":"Migrationszentrum: Newsletter 28.09.2020; Pressemitteilung, Gesuche Ehrenamtliche, BfGoe Weiterbildungsreihe, etc."},"content":{"rendered":"<p>Weitergeleitete E- Mail von\u00a0<a href=\"mailto:rt-europaallee@gwhagenberg.de\">rt-europaallee@gwhagenberg.de<\/a> (28.09.2020)<\/p>\n<p>&nbsp;<\/p>\n<blockquote><p><strong>Gesendet:<\/strong>\u00a0Montag, 28. September 2020 um 14:01 Uhr<br \/>\n<strong>Von:<\/strong>\u00a0&#8222;Sei Willkommen&#8220; &lt;seiwillkommen@migrationszentrum-goettingen.de&gt;<br \/>\n<strong>An:<\/strong>\u00a0info@migrationszentrum-goettingen.de<br \/>\n<strong>Betreff:<\/strong>\u00a0Migrationszentrum: Newsletter 28.09.2020; Pressemitteilung, Gesuche Ehrenamtliche, BfGoe Weiterbildungsreihe, etc.<\/p>\n<p>Liebe ehrenamtlich Engagierte, Kooperationspartner*innen und Interessierte,<\/p>\n<p>&nbsp;<\/p>\n<p>in dieser Woche erhaltet ihr zur Abwechslung unseren Newsletter an einem Montag.<\/p>\n<p>&nbsp;<\/p>\n<p>Wir m\u00f6chten noch einmal darauf hinweisen, dass das Land Niedersachsen, aufgrund der pandemiebedingten Einschr\u00e4nkungen in der ersten Jahresh\u00e4lfte, den <strong>Bewilligungszeitraum f\u00fcr die Erstattung der Sachkosten f\u00fcr die Ehrenamtlichen in der Fl\u00fcchtlingshilfe bis zum 31.12.2020 verl\u00e4ngert hat.<\/strong><\/p>\n<p>Es k\u00f6nnen also weiterhin Belege f\u00fcr Fahrtkosten, Lehrmaterial, Eintrittsgelder, Verbrauchsmaterial f\u00fcr Gruppenangebote wie Willkommens-Caf\u00e9s usw. sowohl von <strong>Einzelpersonen<\/strong> als auch von <strong>Gruppen<\/strong> und <strong>Initiativen<\/strong> bei uns eingereicht werden. Bei Fragen dazu stehen wir gerne zur Verf\u00fcgung.<\/p>\n<p>Wenn jemand\/e noch eine kreative Idee im Herbst oder in der Vorweihnachtszeit umsetzen m\u00f6chte, beraten wir Euch\/Sie gerne!<\/p>\n<p>&nbsp;<\/p>\n<p><strong>Gesuche:<\/strong><\/p>\n<p>Dann suchen wir eine ehrenamtlich engagierte Frau*, die eine gefl\u00fcchtete Frau und Mutter eines neugeborenen Kindes zu Terminen begleitet. Insbesondere f\u00fcr den Besuch von \u00c4rzt*innen.<\/p>\n<p>Die Ehrenamtliche sollte Spanisch sprechen, da die Deutschkenntnisse der Unterst\u00fctzung suchenden Frau noch recht gering sind.<\/p>\n<p>Also, wenn sich das eine Ehrenamtliche von euch vorstellen kann, antwortet mir gerne auf diese Mail. Wir geben euch dann mehr Informationen zu einer m\u00f6glichen Patinnenschaft und planen ggf. einen ersten Kennlerntermin.<\/p>\n<p>&nbsp;<\/p>\n<p>&nbsp;<\/p>\n<p><strong>Hier die aktuellen Veranstaltungen: <\/strong><\/p>\n<p>&nbsp;<\/p>\n<p><strong>Pressemitteilung zum EU-Migrationspakt:<\/strong><strong>Der Migrationspakt bringt keinen Durchbruch<\/strong><\/p>\n<p>Im Anhang findet ihr eine Stellungnahme und Presseartikel zum neuen EU-Migrationspakt.<\/p>\n<p>Dieser wurde von Sabine Hess und mehreren f\u00fchrenden Migrationswissenschaftlerinnen und \u2013wissenschaftler unterzeichnet.<\/p>\n<p>Wir finden, ein sehr interessanter und wichtiger Artikel zur EU-Migrationspolitik!<\/p>\n<p>&nbsp;<\/p>\n<p>&nbsp;<\/p>\n<p><strong>Stadt G\u00f6ttingen: Infoveranstaltung zu Ausbildungsm\u00f6glichkeiten bei der Stadt G\u00f6ttingen<\/strong><\/p>\n<p>Am <strong>Freitag, 02. Oktober, <\/strong>wird es von <strong>14:00-15:00 Uhr <\/strong>im Ratssaal des Neuen Rathauses eine Informationsveranstaltung f\u00fcr all diejenigen geben, die sich f\u00fcr eine Ausbildung bei der Stadt G\u00f6ttingen im Jahr 2021 interessieren und mehr dar\u00fcber erfahren m\u00f6chten.<\/p>\n<p>Die Stadtverwaltung hat die \u201eCharta der Vielfalt\u201c unterzeichnet und im Integrationskonzept der Stadt ist ein Ziel die Erh\u00f6hung des Anteils von Auszubildenden mit Migrationshintergrund, sodass wir uns freuen, wenn insbesondere Ausbildungsinteressierte mit Migrationshintergrund die Gelegenheit wahrnehmen, sich zu informieren und Fragen zu stellen.<\/p>\n<p>Aufgrund der durch Corona bedingten Einschr\u00e4nkungen bitten wir Interessierte darum, sich bei unseren Kolleg*innen vom Fachdienst Personalberatung und -entwicklung\/Aus- und Fortbildung bis zum <strong>30. September<\/strong> unter <strong>ausbildung@goettingen.de<\/strong> f\u00fcr die Teilnahme an der kostenfreien Informationsveranstaltung anzumelden.<\/p>\n<p>Die Teilnehmendenzahl ist begrenzt.<\/p>\n<p>Den Infoflyer dazu findet ihr im Anhang<\/p>\n<p>&nbsp;<\/p>\n<p>&nbsp;<\/p>\n<p><strong>Online-Workshop-Reihe \u201eMisch dich ein! Politische Partizipation und Empowerment\u201c<\/strong><\/p>\n<p>Das Team Refugees and Queers der Bundesstiftung Magnus Hirschfeld laden euch sehr herzlich ein zur Online-Workshop-Reihe <strong>\u201eMisch dich ein! Politische Partizipation und Empowerment\u201c<\/strong>.<\/p>\n<p>Die Reihe richtet sich vorwiegend an LSBTIQ+ Gefl\u00fcchtete und Asylsuchende, die sich politisch engagieren wollen oder dies bereits tun.<\/p>\n<p>Die Termine und Themen sind:<\/p>\n<p>Es wird viel Raum f\u00fcr Fragen und Austausch geben.<\/p>\n<p>&nbsp;<\/p>\n<p><strong>16.10.2020, 16-19 Uhr:<\/strong> Politische Prozesse in Deutschland verstehen<\/p>\n<p>Workshopleitung: Lilith Raza, Queer Refugees Deutschland (LSVD)<\/p>\n<p>&nbsp;<\/p>\n<p><strong>23.10.2020, 16-19 Uhr:<\/strong> Organisierung und Vernetzung<\/p>\n<p>Workshopleitung: Women in Exile<\/p>\n<p>&nbsp;<\/p>\n<p><strong>30.10.2020, 16-19 Uhr:<\/strong> Social Media strategisch nutzen<\/p>\n<p>Workshopleitung: TakeOver, Verein f\u00fcr intersektionale Kampagnenarbeit<\/p>\n<p>&nbsp;<\/p>\n<p>Hier k\u00f6nnt ihr euch anmelden: <a href=\"https:\/\/mh-stiftung.de\/online-workshopreihe-misch-dich-ein-politische-partizipation-und-empowerment\">online-workshopreihe-misch-dich-ein<\/a><\/p>\n<p>&nbsp;<\/p>\n<p>&nbsp;<\/p>\n<p>Die Workshop-Reihe ist kostenlos. Alle drei Veranstaltungen finden bei Zoom statt. Daf\u00fcr ist ein Ger\u00e4t mit Internet und Ton (z. B. Smartphone, Laptop, Computer) notwendig. Falls ihr kein solches Ger\u00e4t habt, versuchen die Veranstalter, dies f\u00fcr euch zu organisieren. Die Workshop-sprache ist Englisch. Bei Bedarf wird simultan \u00fcbersetzt.<\/p>\n<p>&nbsp;<\/p>\n<p>&nbsp;<\/p>\n<p><strong>BfGoe: Weiterbildungsreihe f\u00fcr Ehren- und Hauptamtliche in der Integrationsarbeit<\/strong><\/p>\n<p>Die gemeinsame Weiterbildungsreihe der Besch\u00e4ftigungsf\u00f6rderung G\u00f6ttingen (kA\u00f6R) und des B\u00fcros f\u00fcr Integration m\u00f6chten euch am <strong>Donnerstag, 08. Oktober, von 16:00-18:00 Uhr<\/strong>, zu einem Vortrag mit Gelegenheit f\u00fcr Fragen zum Thema <strong>\u201eWie kann man die Leistungen des Bildungs- und Teilhabepakets erhalten?\u201c<\/strong> einladen.<\/p>\n<p>Die beiden Referentinnen kommen vom Landkreis G\u00f6ttingen und berichten u. a., welche Leistungen bezuschusst werden, damit auch Kinder und Jugendliche aus Familien mit geringen Einkommen Angebote in KiTa, Schule und Freizeit gleichberechtigt nutzen k\u00f6nnen.<\/p>\n<p>Um Anmeldung wird gebeten unter <a href=\"https:\/\/www.bfgoe.de\/angebote\/fluechtlingsarbeit-im-bif\/weiterbildung-fluechtlingsarbeit\/\">www.bfgoe.de\/angebote\/fluechtlingsarbeit-im-bif<\/a><\/p>\n<p>Eine interessante Veranstaltung, insbesondere auch f\u00fcr Ehrenamtliche, die mit Familien\/ Minderj\u00e4hrigen kontakt haben.<\/p>\n<p>Wir vom MiZ werden auch an der Veranstaltung teilnehmen.<\/p>\n<p>&nbsp;<\/p>\n<p>&nbsp;<\/p>\n<p><strong>Fachvortrag zur Entwicklung junger Gefl\u00fcchteter <\/strong><\/p>\n<p>Das B\u00fcro f\u00fcr Integration m\u00f6chte euch gerne am <strong>Dienstag, 20. Oktober 2020, von 17:00-19:00 Uhr<\/strong> im Ratssaal zu einem Fachvortrag mit anschlie\u00dfender Diskussion zum Thema <strong>\u201eWie k\u00f6nnen sich umweltbedingte Risikoanh\u00e4ufungen auf die Entwicklung junger Gefl\u00fcchteter auswirken?\u201c<\/strong> einladen.<\/p>\n<p>&nbsp;<\/p>\n<p>Dabei werden Frau Prof. Hannelore Ehrenreich und Herr Dr. Martin Begemann (Klinische Neurowissenschaften, Max-Planck-Institut f\u00fcr Experimentelle Medizin) die Ergebnisse einer explorativen Studie des Max-Planck-Instituts G\u00f6ttingen zur Risikoanh\u00e4ufung bei minderj\u00e4hrigen Gefl\u00fcchteten vorstellen. N\u00e4heres dazu finden Sie im Anhang.<\/p>\n<p>&nbsp;<\/p>\n<p>Aufgrund der durch die Corona-Epidemie bedingten Einschr\u00e4nkungen ist die Zahl der Teilnehmenden begrenzt. Wir bitten deshalb um eine Anmeldung bis zum 13. Oktober um eine Anmeldung bei Maik Grote: <a href=\"mailto:m.grote@goettingen.de\">m.grote@goettingen.de<\/a><\/p>\n<p>An der Studie haben wir als Migrationszentrum partizipiert.<\/p>\n<p>&nbsp;<\/p>\n<p>&nbsp;<\/p>\n<p>Viele Gr\u00fc\u00dfe<\/p>\n<p>Stephan Seiler<\/p>\n<p>Soziale Arbeit M.A.<\/p>\n<p>Sozialarbeiter B.A.<\/p>\n<p>&#8212;&#8212;&#8212;&#8211;<\/p>\n<p>Sei Willkommen<\/p>\n<p>Koordination ehrenamtlicher Fl\u00fcchtlingshilfe<\/p>\n<p><strong>Migrationszentum<\/strong><\/p>\n<p>f\u00fcr Stadt und Landkreis G\u00f6ttingen<\/p>\n<p>in Tr\u00e4gerschaft des Diakonieverbands G\u00f6ttingen<\/p>\n<p>Weender Stra\u00dfe 42<\/p>\n<p>37073 G\u00f6ttingen<\/p>\n<p>Tel.: 0551\/899930-26<\/p>\n<p>Fax: 0551\/531018<\/p>\n<p>seiwillkommen@migrationszentrum-goettingen.de<\/p>\n<p><a href=\"http:\/\/www.migrationszentrum-goettingen.de\">www.migrationszentrum-goettingen.de<\/a><\/p><\/blockquote>\n<p>&nbsp;<\/p>\n<h4>Anh\u00e4nge:<\/h4>\n<h4><a href=\"http:\/\/rt-europaallee.org\/wordpress\/wp-content\/uploads\/2020\/09\/Einladung_B\u00fcro_f\u00fcr_Integration_Vortrag_mit_MPG_201020.pdf\">http:\/\/rt-europaallee.org\/wordpress\/wp-content\/uploads\/2020\/09\/Einladung_B\u00fcro_f\u00fcr_Integration_Vortrag_mit_MPG_201020.pdf<\/a><\/h4>\n<h4><a href=\"http:\/\/rt-europaallee.org\/wordpress\/wp-content\/uploads\/2020\/09\/Infoveranstaltung_Ausbildung_021020_Du-Anrede.pdf\">http:\/\/rt-europaallee.org\/wordpress\/wp-content\/uploads\/2020\/09\/Infoveranstaltung_Ausbildung_021020_Du-Anrede.pdf<\/a><\/h4>\n<h4><a href=\"http:\/\/rt-europaallee.org\/wordpress\/wp-content\/uploads\/2020\/09\/Pressemitteilung.-Der-Migrationspakt-bringt-keinen-Durchbruch.pdf\">http:\/\/rt-europaallee.org\/wordpress\/wp-content\/uploads\/2020\/09\/Pressemitteilung.-Der-Migrationspakt-bringt-keinen-Durchbruch.pdf<\/a><\/h4>\n<h4><a href=\"http:\/\/rt-europaallee.org\/wordpress\/wp-content\/uploads\/2020\/09\/Ank\u00fcndigung-Weiterbildung-BFGoe-B\u00fcro-f\u00fcr-Integration-08.10.2020.pdf\">http:\/\/rt-europaallee.org\/wordpress\/wp-content\/uploads\/2020\/09\/Ank\u00fcndigung-Weiterbildung-BFGoe-B\u00fcro-f\u00fcr-Integration-08.10.2020.pdf<\/a><\/h4>\n","protected":false},"excerpt":{"rendered":"<p>Weitergeleitete E- Mail von\u00a0rt-europaallee@gwhagenberg.de (28.09.2020) &nbsp; Gesendet:\u00a0Montag, 28. September 2020 um 14:01 Uhr Von:\u00a0&#8222;Sei Willkommen&#8220; &lt;seiwillkommen@migrationszentrum-goettingen.de&gt; An:\u00a0info@migrationszentrum-goettingen.de Betreff:\u00a0Migrationszentrum: Newsletter 28.09.2020; Pressemitteilung, Gesuche Ehrenamtliche, BfGoe Weiterbildungsreihe, etc. Liebe ehrenamtlich Engagierte, Kooperationspartner*innen und Interessierte, &nbsp; in dieser Woche erhaltet ihr zur Abwechslung unseren Newsletter an einem Montag. &nbsp; Wir m\u00f6chten noch einmal darauf hinweisen, dass das Land &#8230; <a title=\"Migrationszentrum: Newsletter 28.09.2020; Pressemitteilung, Gesuche Ehrenamtliche, BfGoe Weiterbildungsreihe, etc.\" class=\"read-more\" href=\"https:\/\/rt-europaallee.de\/wordpress\/2020\/09\/migrationszentrum-newsletter-28-09-2020-pressemitteilung-gesuche-ehrenamtliche-bfgoe-weiterbildungsreihe-etc\/\" aria-label=\"Mehr Informationen \u00fcber Migrationszentrum: Newsletter 28.09.2020; Pressemitteilung, Gesuche Ehrenamtliche, BfGoe Weiterbildungsreihe, etc.\">Weiterlesen<\/a><\/p>\n","protected":false},"author":3,"featured_media":0,"comment_status":"closed","ping_status":"open","sticky":false,"template":"","format":"standard","meta":{"footnotes":""},"categories":[1],"tags":[],"class_list":["post-9202","post","type-post","status-publish","format-standard","hentry","category-allgemein"],"_links":{"self":[{"href":"https:\/\/rt-europaallee.de\/wordpress\/wp-json\/wp\/v2\/posts\/9202","targetHints":{"allow":["GET"]}}],"collection":[{"href":"https:\/\/rt-europaallee.de\/wordpress\/wp-json\/wp\/v2\/posts"}],"about":[{"href":"https:\/\/rt-europaallee.de\/wordpress\/wp-json\/wp\/v2\/types\/post"}],"author":[{"embeddable":true,"href":"https:\/\/rt-europaallee.de\/wordpress\/wp-json\/wp\/v2\/users\/3"}],"replies":[{"embeddable":true,"href":"https:\/\/rt-europaallee.de\/wordpress\/wp-json\/wp\/v2\/comments?post=9202"}],"version-history":[{"count":3,"href":"https:\/\/rt-europaallee.de\/wordpress\/wp-json\/wp\/v2\/posts\/9202\/revisions"}],"predecessor-version":[{"id":9220,"href":"https:\/\/rt-europaallee.de\/wordpress\/wp-json\/wp\/v2\/posts\/9202\/revisions\/9220"}],"wp:attachment":[{"href":"https:\/\/rt-europaallee.de\/wordpress\/wp-json\/wp\/v2\/media?parent=9202"}],"wp:term":[{"taxonomy":"category","embeddable":true,"href":"https:\/\/rt-europaallee.de\/wordpress\/wp-json\/wp\/v2\/categories?post=9202"},{"taxonomy":"post_tag","embeddable":true,"href":"https:\/\/rt-europaallee.de\/wordpress\/wp-json\/wp\/v2\/tags?post=9202"}],"curies":[{"name":"wp","href":"https:\/\/api.w.org\/{rel}","templated":true}]}}