{"id":9221,"date":"2020-09-28T20:14:09","date_gmt":"2020-09-28T18:14:09","guid":{"rendered":"http:\/\/rt-europaallee.org\/wordpress\/?p=9221"},"modified":"2020-09-28T20:14:09","modified_gmt":"2020-09-28T18:14:09","slug":"voraussichtlich-am-29-09-2020-keine-stadtbusse","status":"publish","type":"post","link":"https:\/\/rt-europaallee.de\/wordpress\/2020\/09\/voraussichtlich-am-29-09-2020-keine-stadtbusse\/","title":{"rendered":"Voraussichtlich am 29.09.2020 keine Stadtbusse!"},"content":{"rendered":"<p>(Quelle: <a href=\"https:\/\/www.facebook.com\/goevb\/posts\/3706916999339739?__cft__[0]=AZVafzOpxCHjNGboRipsO_vR7JCr_6EwKkAl8LQCHJMKCiFaCRzWvVyn-KzMJgcgkXL737RDSOc2q4ZAB6jc1GVsk5qYmlQ490OHPMTpB1FBTsdGKZwgH_d1wayrPyGuVHFD5JCyfDfZwiB9uG0YOFbndryGAsrYlJF2FiiX3vq9sDg2NOR_g3FbckAdMEaZ-fM&amp;__tn__=%2CO%2CP-R\">https:\/\/www.facebook.com\/goevb\/posts\/3706916999339739<\/a>)<\/p>\n<p>&nbsp;<\/p>\n<blockquote>\n<div class=\"buofh1pr\">\n<div class=\"j83agx80 cbu4d94t ew0dbk1b irj2b8pg\">\n<div class=\"qzhwtbm6 knvmm38d\">\n<div class=\"nc684nl6\"><a class=\"oajrlxb2 g5ia77u1 qu0x051f esr5mh6w e9989ue4 r7d6kgcz rq0escxv nhd2j8a9 nc684nl6 p7hjln8o kvgmc6g5 cxmmr5t8 oygrvhab hcukyx3x jb3vyjys rz4wbd8a qt6c0cv9 a8nywdso i1ao9s8h esuyzwwr f1sip0of lzcic4wl oo9gr5id gpro0wi8 lrazzd5p\" tabindex=\"0\" href=\"https:\/\/www.facebook.com\/goevb\/?__cft__[0]=AZVafzOpxCHjNGboRipsO_vR7JCr_6EwKkAl8LQCHJMKCiFaCRzWvVyn-KzMJgcgkXL737RDSOc2q4ZAB6jc1GVsk5qYmlQ490OHPMTpB1FBTsdGKZwgH_d1wayrPyGuVHFD5JCyfDfZwiB9uG0YOFbndryGAsrYlJF2FiiX3vq9sDg2NOR_g3FbckAdMEaZ-fM&amp;__tn__=-UC%2CP-R\"><strong>G\u00f6VB &#8211; G\u00f6ttinger Verkehrsbetriebe<\/strong><\/a><\/div>\n<\/div>\n<div class=\"qzhwtbm6 knvmm38d\"><span class=\"d2edcug0 hpfvmrgz qv66sw1b c1et5uql rrkovp55 a8c37x1j keod5gw0 nxhoafnm aigsh9s9 d9wwppkn fe6kdd0r mau55g9w c8b282yb mdeji52x e9vueds3 j5wam9gi knj5qynh m9osqain hzawbc8m\" dir=\"auto\"><span id=\"jsc_c_i\"><span class=\"tojvnm2t a6sixzi8 abs2jz4q a8s20v7p t1p8iaqh k5wvi7nf q3lfd5jv pk4s997a bipmatt0 cebpdrjk qowsmv63 owwhemhu dp1hu0rb dhp61c6y iyyx5f41\"><a class=\"oajrlxb2 g5ia77u1 qu0x051f esr5mh6w e9989ue4 r7d6kgcz rq0escxv nhd2j8a9 nc684nl6 p7hjln8o kvgmc6g5 cxmmr5t8 oygrvhab hcukyx3x jb3vyjys rz4wbd8a qt6c0cv9 a8nywdso i1ao9s8h esuyzwwr f1sip0of lzcic4wl gmql0nx0 gpro0wi8 b1v8xokw\" tabindex=\"0\" href=\"https:\/\/www.facebook.com\/goevb\/posts\/3706916999339739?__cft__[0]=AZVafzOpxCHjNGboRipsO_vR7JCr_6EwKkAl8LQCHJMKCiFaCRzWvVyn-KzMJgcgkXL737RDSOc2q4ZAB6jc1GVsk5qYmlQ490OHPMTpB1FBTsdGKZwgH_d1wayrPyGuVHFD5JCyfDfZwiB9uG0YOFbndryGAsrYlJF2FiiX3vq9sDg2NOR_g3FbckAdMEaZ-fM&amp;__tn__=%2CO%2CP-R\">11 Std.<\/a><\/span><span class=\"jpp8pzdo\"><span class=\"rfua0xdk pmk7jnqg stjgntxs ni8dbmo4 ay7djpcl q45zohi1\">\u00a0<\/span> \u00b7 <\/span><i class=\"hu5pjgll m6k467ps sp_SwTRn0N9BuB sx_359eb4\"><\/i><\/span><\/span><\/div>\n<\/div>\n<\/div>\n<div class=\"nqmvxvec j83agx80 jnigpg78 cxgpxx05 dflh9lhu sj5x9vvc scb9dxdr odw8uiq3\"><\/div>\n<div class=\"\" dir=\"auto\">\n<div id=\"jsc_c_j\" class=\"ecm0bbzt hv4rvrfc ihqw7lf3 dati1w0a\" data-ad-comet-preview=\"message\" data-ad-preview=\"message\">\n<div class=\"j83agx80 cbu4d94t ew0dbk1b irj2b8pg\">\n<div class=\"qzhwtbm6 knvmm38d\">\n<div class=\"kvgmc6g5 cxmmr5t8 oygrvhab hcukyx3x c1et5uql ii04i59q\">\n<div dir=\"auto\">Die G\u00f6VB wird voraussichtlich am Dienstag, 29.09.2020 ganzt\u00e4gig bestreikt. Daher werden aller Voraussicht nach ab Betriebsbeginn keine der G\u00f6VB-Busse im Stadtgebiet fahren. Bitte informiert Euch \u00fcber Alternativen. <a class=\"oajrlxb2 g5ia77u1 qu0x051f esr5mh6w e9989ue4 r7d6kgcz rq0escxv nhd2j8a9 nc684nl6 p7hjln8o kvgmc6g5 cxmmr5t8 oygrvhab hcukyx3x jb3vyjys rz4wbd8a qt6c0cv9 a8nywdso i1ao9s8h esuyzwwr f1sip0of lzcic4wl q66pz984 gpro0wi8 b1v8xokw\" tabindex=\"0\" href=\"https:\/\/www.facebook.com\/hashtag\/goevb?__eep__=6&amp;__cft__[0]=AZVafzOpxCHjNGboRipsO_vR7JCr_6EwKkAl8LQCHJMKCiFaCRzWvVyn-KzMJgcgkXL737RDSOc2q4ZAB6jc1GVsk5qYmlQ490OHPMTpB1FBTsdGKZwgH_d1wayrPyGuVHFD5JCyfDfZwiB9uG0YOFbndryGAsrYlJF2FiiX3vq9sDg2NOR_g3FbckAdMEaZ-fM&amp;__tn__=*NK-R\">#goevb<\/a><\/div>\n<\/div>\n<\/div>\n<\/div>\n<\/div>\n<\/div>\n<div dir=\"auto\"><\/div>\n<div class=\"\" dir=\"auto\">\n<div id=\"jsc_c_j\" class=\"ecm0bbzt hv4rvrfc ihqw7lf3 dati1w0a\" data-ad-comet-preview=\"message\" data-ad-preview=\"message\">\n<div class=\"j83agx80 cbu4d94t ew0dbk1b irj2b8pg\">\n<div class=\"qzhwtbm6 knvmm38d\">\n<div dir=\"auto\"><img decoding=\"async\" class=\"ji94ytn4 r9f5tntg d2edcug0 aligncenter\" src=\"https:\/\/scontent-ham3-1.xx.fbcdn.net\/v\/t1.0-9\/120291730_3706915959339843_4791752152952114442_o.jpg?_nc_cat=105&amp;_nc_sid=730e14&amp;_nc_eui2=AeEvrlxst2GzraL9KWWjkcj1JSxvMncd9WYlLG8ydx31ZqCXAQ6_o5UY_P3Zm18jkrE1oKnikwqbaUYc4nx6VvfV&amp;_nc_ohc=e9LiLOyc0A0AX-4FEWG&amp;_nc_ht=scontent-ham3-1.xx&amp;oh=c2d93d0f5723738a3cda3447b878382e&amp;oe=5F966993\" \/><\/div>\n<\/div>\n<\/div>\n<\/div>\n<\/div>\n<\/blockquote>\n","protected":false},"excerpt":{"rendered":"<p>(Quelle: https:\/\/www.facebook.com\/goevb\/posts\/3706916999339739) &nbsp; G\u00f6VB &#8211; G\u00f6ttinger Verkehrsbetriebe 11 Std.\u00a0 \u00b7 Die G\u00f6VB wird voraussichtlich am Dienstag, 29.09.2020 ganzt\u00e4gig bestreikt. Daher werden aller Voraussicht nach ab Betriebsbeginn keine der G\u00f6VB-Busse im Stadtgebiet fahren. Bitte informiert Euch \u00fcber Alternativen. #goevb<\/p>\n","protected":false},"author":3,"featured_media":0,"comment_status":"closed","ping_status":"open","sticky":false,"template":"","format":"standard","meta":{"footnotes":""},"categories":[1],"tags":[],"class_list":["post-9221","post","type-post","status-publish","format-standard","hentry","category-allgemein"],"_links":{"self":[{"href":"https:\/\/rt-europaallee.de\/wordpress\/wp-json\/wp\/v2\/posts\/9221","targetHints":{"allow":["GET"]}}],"collection":[{"href":"https:\/\/rt-europaallee.de\/wordpress\/wp-json\/wp\/v2\/posts"}],"about":[{"href":"https:\/\/rt-europaallee.de\/wordpress\/wp-json\/wp\/v2\/types\/post"}],"author":[{"embeddable":true,"href":"https:\/\/rt-europaallee.de\/wordpress\/wp-json\/wp\/v2\/users\/3"}],"replies":[{"embeddable":true,"href":"https:\/\/rt-europaallee.de\/wordpress\/wp-json\/wp\/v2\/comments?post=9221"}],"version-history":[{"count":1,"href":"https:\/\/rt-europaallee.de\/wordpress\/wp-json\/wp\/v2\/posts\/9221\/revisions"}],"predecessor-version":[{"id":9222,"href":"https:\/\/rt-europaallee.de\/wordpress\/wp-json\/wp\/v2\/posts\/9221\/revisions\/9222"}],"wp:attachment":[{"href":"https:\/\/rt-europaallee.de\/wordpress\/wp-json\/wp\/v2\/media?parent=9221"}],"wp:term":[{"taxonomy":"category","embeddable":true,"href":"https:\/\/rt-europaallee.de\/wordpress\/wp-json\/wp\/v2\/categories?post=9221"},{"taxonomy":"post_tag","embeddable":true,"href":"https:\/\/rt-europaallee.de\/wordpress\/wp-json\/wp\/v2\/tags?post=9221"}],"curies":[{"name":"wp","href":"https:\/\/api.w.org\/{rel}","templated":true}]}}