{"id":9346,"date":"2020-10-23T14:49:17","date_gmt":"2020-10-23T12:49:17","guid":{"rendered":"http:\/\/rt-europaallee.org\/wordpress\/?p=9346"},"modified":"2020-10-23T14:59:30","modified_gmt":"2020-10-23T12:59:30","slug":"hessischeniedersaechsische-allgemeine-hna-drastische-corona-regeln-in-niedersachsen","status":"publish","type":"post","link":"https:\/\/rt-europaallee.de\/wordpress\/2020\/10\/hessischeniedersaechsische-allgemeine-hna-drastische-corona-regeln-in-niedersachsen\/","title":{"rendered":"Hessische\/Nieders\u00e4chsische Allgemeine (HNA): Drastische Corona-Regeln in Niedersachsen"},"content":{"rendered":"<p>(Quelle:\u00a0<a href=\"https:\/\/www.hna.de\/welt\/corona-coronavirus-niedersachsen-regeln-verordnung-kontaktbeschraenkung-sperrstunde-hna-zr-90077472.html?fbclid=IwAR1EPoqkOBU3Dj7rJKqoVVkXBRzFqPm4FnQKdMNZ_lW1D6_ouz55lwI40M4\">https:\/\/www.hna.de\/welt\/corona-coronavirus-niedersachsen-regeln-verordnung-kontaktbeschraenkung-sperrstunde-hna-zr-90077472.html?fbclid=IwAR1EPoqkOBU3Dj7rJKqoVVkXBRzFqPm4FnQKdMNZ_lW1D6_ouz55lwI40M4<\/a>)<\/p>\n<p>&nbsp;<\/p>\n<blockquote>\n<p class=\"id-Article-kicker\"><span class=\"id-Article-kicker-text\">Verordnung<\/span><\/p>\n<h2 class=\"id-Article-headline \">Noch strenger als zuvor: Drastische Corona-Regeln in Niedersachsen<\/h2>\n<p class=\"id-Article-date\"><time class=\"id-DateTime id-Article-date-time--published \" datetime=\"2020-10-23T07:24\"><span class=\"id-DateTime-date\">23.10.2020-<\/span><span class=\"id-DateTime-time\">07:24<\/span><\/time><\/p>\n<h4 class=\"id-Article-content-item id-Article-content-item-summary\">In Niedersachsen steigen die Corona-Zahlen immer weiter. Deshalb fallen die Regeln laut neuer Verordnung nun noch strenger aus.<\/h4>\n<div class=\"p402_hide\">\n<div class=\"id-Article-content-item\">\n<ul class=\"id-Article-content-item-list id-Article-content-item-list--unord\">\n<li>Ab Freitag, 23.10.2020, gelten neue <strong>Regeln<\/strong> in <strong>Niedersachsen<\/strong>.<\/li>\n<li>Grund ist die neue <strong>Corona-Verordnung<\/strong>.<\/li>\n<li>Die finalen Details sind nun bekannt.<\/li>\n<\/ul>\n<\/div>\n<\/div>\n<p class=\"id-Article-content-item id-Article-content-item-paragraph \">G\u00f6ttingen \u2013 Die neue <strong>Corona-Verordnung<\/strong> des Landes <strong>Niedersachsen<\/strong> soll am Freitag, 23.10.2020, in Kraft treten. Die Landesregierung hat den Text der neuen <a class=\"id-import-Link\" href=\"https:\/\/www.niedersachsen.de\/Coronavirus\/vorschriften-der-landesregierung-185856.html\" target=\"_blank\" rel=\"nofollow noopener noreferrer\">Corona-Verordnung am Donnerstagnachmittag ver\u00f6ffentlicht.<\/a> Die wichtigsten \u00c4nderungen betreffen Gastronomiebetriebe und Kontaktbeschr\u00e4nkungen in Risikogebieten. Die gr\u00f6\u00dften \u00c4nderungen im \u00dcberblick:<\/p>\n<h3 class=\"id-Article-content-item id-Article-content-item-headline \">&#8230; *<\/h3>\n<\/blockquote>\n<h4>* = den vollst\u00e4ndigen Artikel der HNA siehe:<br \/>\n<a href=\"https:\/\/www.hna.de\/welt\/corona-coronavirus-niedersachsen-regeln-verordnung-kontaktbeschraenkung-sperrstunde-hna-zr-90077472.html?fbclid=IwAR1EPoqkOBU3Dj7rJKqoVVkXBRzFqPm4FnQKdMNZ_lW1D6_ouz55lwI40M4\">https:\/\/www.hna.de\/welt\/corona-coronavirus-niedersachsen-regeln-verordnung-kontaktbeschraenkung-sperrstunde-hna-zr-90077472.html?fbclid=IwAR1EPoqkOBU3Dj7rJKqoVVkXBRzFqPm4FnQKdMNZ_lW1D6_ouz55lwI40M4<\/a><\/h4>\n<h4>Hier die Verordnung:<br \/>\n<a href=\"http:\/\/rt-europaallee.org\/wordpress\/wp-content\/uploads\/2020\/10\/CoronaVO_Fassung_gltig_ab_23-10-2020__Lesefassung_.pdf\">http:\/\/rt-europaallee.org\/wordpress\/wp-content\/uploads\/2020\/10\/CoronaVO_Fassung_gltig_ab_23-10-2020__Lesefassung_.pdf<\/a><\/h4>\n<p>(siehe hierzu auch<br \/>\n<strong>23.10.2020: die aktualisierte Seite der\u00a0Landesregierung Niedersachsen:\u00a0<\/strong><a href=\"https:\/\/www.niedersachsen.de\/Coronavirus\/vorschriften-der-landesregierung-185856.html\"><strong>https:\/\/www.niedersachsen.de\/Coronavirus\/vorschriften-der-landesregierung-185856.html<\/strong><br \/>\n<\/a>auf der Seite<br \/>\n<a href=\"http:\/\/rt-europaallee.org\/wordpress\/informationen-zur-corona-krise\/amtliches-erlasse-verfuegungen-2\/niedersachsen\/\">http:\/\/rt-europaallee.org\/wordpress\/informationen-zur-corona-krise\/amtliches-erlasse-verfuegungen-2\/niedersachsen\/<\/a>)<\/p>\n","protected":false},"excerpt":{"rendered":"<p>(Quelle:\u00a0https:\/\/www.hna.de\/welt\/corona-coronavirus-niedersachsen-regeln-verordnung-kontaktbeschraenkung-sperrstunde-hna-zr-90077472.html?fbclid=IwAR1EPoqkOBU3Dj7rJKqoVVkXBRzFqPm4FnQKdMNZ_lW1D6_ouz55lwI40M4) &nbsp; Verordnung Noch strenger als zuvor: Drastische Corona-Regeln in Niedersachsen 23.10.2020-07:24 In Niedersachsen steigen die Corona-Zahlen immer weiter. Deshalb fallen die Regeln laut neuer Verordnung nun noch strenger aus. Ab Freitag, 23.10.2020, gelten neue Regeln in Niedersachsen. Grund ist die neue Corona-Verordnung. Die finalen Details sind nun bekannt. G\u00f6ttingen \u2013 Die neue Corona-Verordnung des &#8230; <a title=\"Hessische\/Nieders\u00e4chsische Allgemeine (HNA): Drastische Corona-Regeln in Niedersachsen\" class=\"read-more\" href=\"https:\/\/rt-europaallee.de\/wordpress\/2020\/10\/hessischeniedersaechsische-allgemeine-hna-drastische-corona-regeln-in-niedersachsen\/\" aria-label=\"Mehr Informationen \u00fcber Hessische\/Nieders\u00e4chsische Allgemeine (HNA): Drastische Corona-Regeln in Niedersachsen\">Weiterlesen<\/a><\/p>\n","protected":false},"author":3,"featured_media":0,"comment_status":"closed","ping_status":"open","sticky":false,"template":"","format":"standard","meta":{"footnotes":""},"categories":[1],"tags":[],"class_list":["post-9346","post","type-post","status-publish","format-standard","hentry","category-allgemein"],"_links":{"self":[{"href":"https:\/\/rt-europaallee.de\/wordpress\/wp-json\/wp\/v2\/posts\/9346","targetHints":{"allow":["GET"]}}],"collection":[{"href":"https:\/\/rt-europaallee.de\/wordpress\/wp-json\/wp\/v2\/posts"}],"about":[{"href":"https:\/\/rt-europaallee.de\/wordpress\/wp-json\/wp\/v2\/types\/post"}],"author":[{"embeddable":true,"href":"https:\/\/rt-europaallee.de\/wordpress\/wp-json\/wp\/v2\/users\/3"}],"replies":[{"embeddable":true,"href":"https:\/\/rt-europaallee.de\/wordpress\/wp-json\/wp\/v2\/comments?post=9346"}],"version-history":[{"count":2,"href":"https:\/\/rt-europaallee.de\/wordpress\/wp-json\/wp\/v2\/posts\/9346\/revisions"}],"predecessor-version":[{"id":9350,"href":"https:\/\/rt-europaallee.de\/wordpress\/wp-json\/wp\/v2\/posts\/9346\/revisions\/9350"}],"wp:attachment":[{"href":"https:\/\/rt-europaallee.de\/wordpress\/wp-json\/wp\/v2\/media?parent=9346"}],"wp:term":[{"taxonomy":"category","embeddable":true,"href":"https:\/\/rt-europaallee.de\/wordpress\/wp-json\/wp\/v2\/categories?post=9346"},{"taxonomy":"post_tag","embeddable":true,"href":"https:\/\/rt-europaallee.de\/wordpress\/wp-json\/wp\/v2\/tags?post=9346"}],"curies":[{"name":"wp","href":"https:\/\/api.w.org\/{rel}","templated":true}]}}