{"id":9397,"date":"2020-11-02T18:27:46","date_gmt":"2020-11-02T17:27:46","guid":{"rendered":"http:\/\/rt-europaallee.org\/wordpress\/?p=9397"},"modified":"2020-11-03T13:19:49","modified_gmt":"2020-11-03T12:19:49","slug":"kontakt-in-krisen-e-v-die-bundesweiten-corona-regeln-ab-montag-02-nov-2020","status":"publish","type":"post","link":"https:\/\/rt-europaallee.de\/wordpress\/2020\/11\/kontakt-in-krisen-e-v-die-bundesweiten-corona-regeln-ab-montag-02-nov-2020\/","title":{"rendered":"Kontakt in Krisen e.V.: die bundesweiten &#8222;Corona-Regeln&#8220; ab Montag (02. Nov. 2020)"},"content":{"rendered":"<p>(Quelle: <a href=\"https:\/\/www.facebook.com\/ASTGoettingen\/posts\/4155089694507950?__cft__[0]=AZWhN6TH7zwHCOkQeHuMON4zuYx3Z3mw6fGFIepa2mu0g5Poe1prExWPwyNdtAv92ZuZ9wLncgUll-e7yovdJacNLJ6ioExn2wfUcpyllQuqykB7GSb21BYDeT6py-AiQOl12Y2dFB1kGPWS-YXx8lCC3gE2Y4I-SzjkcFpk-owDWURYwVnTQCu0KAsxc02GtuQ&amp;__tn__=%2CO%2CP-R\">https:\/\/www.facebook.com\/ASTGoettingen\/posts\/4155089694507950<\/a>)<\/p>\n<h3><span class=\"d2edcug0 hpfvmrgz qv66sw1b c1et5uql rrkovp55 a8c37x1j keod5gw0 nxhoafnm aigsh9s9 d3f4x2em fe6kdd0r mau55g9w c8b282yb iv3no6db jq4qci2q a3bd9o3v knj5qynh oo9gr5id hzawbc8m\" dir=\"auto\">Hier nochmals die neuen bundesweiten &#8222;Corona-Regeln&#8220; ab Montag (02. Nov. 2020):<\/span><\/h3>\n<blockquote>\n<div class=\"buofh1pr\">\n<div class=\"j83agx80 cbu4d94t ew0dbk1b irj2b8pg\">\n<div class=\"qzhwtbm6 knvmm38d\">\n<div class=\"nc684nl6\">Anlaufstelle &#8211; Kontakt in Krisen e.V.<\/div>\n<h3 id=\"jsc_c_1x\" class=\"gmql0nx0 l94mrbxd p1ri9a11 lzcic4wl aahdfvyu hzawbc8m\" dir=\"auto\">ist <strong><img loading=\"lazy\" decoding=\"async\" class=\"q9uorilb cgat1ltu ljoqfudb\" src=\"https:\/\/static.xx.fbcdn.net\/rsrc.php\/v3\/yA\/r\/puMD9N1i40Q.png?_nc_eui2=AeEP8FDYQZ_jj0gacCJpd7juAm0DtujxAPgCbQO26PEA-D_j8WhpKMbxQS6a0erPX0IanC8OutpDxnSKrMWCEkSc\" alt=\"\" width=\"16\" height=\"16\" \/><\/strong>teilt ein COVID-19-Update.<\/h3>\n<\/div>\n<div class=\"qzhwtbm6 knvmm38d\">Donnerstag, 29. Oktober 2020\u00a0 \u00a003:22<\/div>\n<\/div>\n<\/div>\n<div class=\"nqmvxvec j83agx80 jnigpg78 cxgpxx05 dflh9lhu sj5x9vvc scb9dxdr odw8uiq3\"><\/div>\n<div class=\"\" dir=\"auto\">\n<div id=\"jsc_c_1z\" class=\"ecm0bbzt hv4rvrfc ihqw7lf3 dati1w0a\" data-ad-comet-preview=\"message\" data-ad-preview=\"message\">\n<div class=\"j83agx80 cbu4d94t ew0dbk1b irj2b8pg\">\n<div class=\"qzhwtbm6 knvmm38d\">\n<div class=\"kvgmc6g5 cxmmr5t8 oygrvhab hcukyx3x c1et5uql ii04i59q\">\n<div dir=\"auto\">Hier nun die neuen bundesweiten &#8222;Corona-Regeln&#8220; ab kommendem Montag (02. Nov. 2020). BITTE BEACHTET:<\/div>\n<\/div>\n<div class=\"o9v6fnle cxmmr5t8 oygrvhab hcukyx3x c1et5uql ii04i59q\">\n<div dir=\"auto\">1. Zusammenk\u00fcnfte von Personen aus mehr als 2 Haushalten in der \u00d6ffentlichkeit sind verboten (auch wenn es insgesamt nur 3 Personen sind). Die Stadt G\u00f6ttingen hat letztes Fr\u00fchjahr, w\u00e4hrend des ersten Lockdowns, rigoros Bu\u00dfgelder verh\u00e4ngt (150,00 EUR)<\/div>\n<\/div>\n<div class=\"o9v6fnle cxmmr5t8 oygrvhab hcukyx3x c1et5uql ii04i59q\">\n<div dir=\"auto\">2. Die aktuell f\u00fcr G\u00f6ttingen geltenden Spezial-Regeln (Maskenpflicht in der Innenstadt ab Inzidenzwert von 35 usw.) bleiben dar\u00fcber hinaus in Kraft.<\/div>\n<\/div>\n<\/div>\n<\/div>\n<\/div>\n<\/div>\n<div id=\"jsc_c_20\" class=\"l9j0dhe7\"><\/div>\n<div><img decoding=\"async\" class=\"ji94ytn4 r9f5tntg d2edcug0 aligncenter\" src=\"https:\/\/scontent-ham3-1.xx.fbcdn.net\/v\/t1.0-9\/123140333_4155089644507955_5597656771144760912_o.jpg?_nc_cat=108&amp;ccb=2&amp;_nc_sid=8bfeb9&amp;_nc_eui2=AeHWbw3FlREdAUQTGE7ppegQk2L1shxNx_6TYvWyHE3H_lm8Rz8b5urTtb5VDpU7278vNyGJuhkdJ3F0D179gTPj&amp;_nc_ohc=ymbL3K2SzqMAX9dFycx&amp;_nc_ht=scontent-ham3-1.xx&amp;oh=de3d1bfda069b747860f7a511a6b14bd&amp;oe=5FC75C94\" \/><\/div>\n<\/blockquote>\n<h3><\/h3>\n<h3>Als Nachtrag (03.11.2020) nochmals:<\/h3>\n<h4><span class=\"d2edcug0 hpfvmrgz qv66sw1b c1et5uql rrkovp55 a8c37x1j keod5gw0 nxhoafnm aigsh9s9 d3f4x2em fe6kdd0r mau55g9w c8b282yb iv3no6db jq4qci2q a3bd9o3v knj5qynh oo9gr5id\" dir=\"auto\">Informationen zum neuartigen Coronavirus in mehreren Sprachen finden Sie zum Download unter:\u00a0<\/span><\/h4>\n<h4><a href=\"https:\/\/www.zusammengegencorona.de\/informieren\/novel-coronavirus-information-and-practical-advice\/?fbclid=IwAR344reQcEFVpL902rhWy3LvvzQXIG2OUtKkv9-a736wKPBa65iXrNXhuHQ\">https:\/\/www.zusammengegencorona.de\/informieren\/novel-coronavirus-information-and-practical-advice\/?fbclid=IwAR344reQcEFVpL902rhWy3LvvzQXIG2OUtKkv9-a736wKPBa65iXrNXhuHQ<\/a><\/h4>\n","protected":false},"excerpt":{"rendered":"<p>(Quelle: https:\/\/www.facebook.com\/ASTGoettingen\/posts\/4155089694507950) Hier nochmals die neuen bundesweiten &#8222;Corona-Regeln&#8220; ab Montag (02. Nov. 2020): Anlaufstelle &#8211; Kontakt in Krisen e.V. ist teilt ein COVID-19-Update. Donnerstag, 29. Oktober 2020\u00a0 \u00a003:22 Hier nun die neuen bundesweiten &#8222;Corona-Regeln&#8220; ab kommendem Montag (02. Nov. 2020). BITTE BEACHTET: 1. Zusammenk\u00fcnfte von Personen aus mehr als 2 Haushalten in der \u00d6ffentlichkeit sind &#8230; <a title=\"Kontakt in Krisen e.V.: die bundesweiten &#8222;Corona-Regeln&#8220; ab Montag (02. Nov. 2020)\" class=\"read-more\" href=\"https:\/\/rt-europaallee.de\/wordpress\/2020\/11\/kontakt-in-krisen-e-v-die-bundesweiten-corona-regeln-ab-montag-02-nov-2020\/\" aria-label=\"Mehr Informationen \u00fcber Kontakt in Krisen e.V.: die bundesweiten &#8222;Corona-Regeln&#8220; ab Montag (02. Nov. 2020)\">Weiterlesen<\/a><\/p>\n","protected":false},"author":3,"featured_media":0,"comment_status":"closed","ping_status":"open","sticky":false,"template":"","format":"standard","meta":{"footnotes":""},"categories":[1],"tags":[],"class_list":["post-9397","post","type-post","status-publish","format-standard","hentry","category-allgemein"],"_links":{"self":[{"href":"https:\/\/rt-europaallee.de\/wordpress\/wp-json\/wp\/v2\/posts\/9397","targetHints":{"allow":["GET"]}}],"collection":[{"href":"https:\/\/rt-europaallee.de\/wordpress\/wp-json\/wp\/v2\/posts"}],"about":[{"href":"https:\/\/rt-europaallee.de\/wordpress\/wp-json\/wp\/v2\/types\/post"}],"author":[{"embeddable":true,"href":"https:\/\/rt-europaallee.de\/wordpress\/wp-json\/wp\/v2\/users\/3"}],"replies":[{"embeddable":true,"href":"https:\/\/rt-europaallee.de\/wordpress\/wp-json\/wp\/v2\/comments?post=9397"}],"version-history":[{"count":3,"href":"https:\/\/rt-europaallee.de\/wordpress\/wp-json\/wp\/v2\/posts\/9397\/revisions"}],"predecessor-version":[{"id":9403,"href":"https:\/\/rt-europaallee.de\/wordpress\/wp-json\/wp\/v2\/posts\/9397\/revisions\/9403"}],"wp:attachment":[{"href":"https:\/\/rt-europaallee.de\/wordpress\/wp-json\/wp\/v2\/media?parent=9397"}],"wp:term":[{"taxonomy":"category","embeddable":true,"href":"https:\/\/rt-europaallee.de\/wordpress\/wp-json\/wp\/v2\/categories?post=9397"},{"taxonomy":"post_tag","embeddable":true,"href":"https:\/\/rt-europaallee.de\/wordpress\/wp-json\/wp\/v2\/tags?post=9397"}],"curies":[{"name":"wp","href":"https:\/\/api.w.org\/{rel}","templated":true}]}}