{"id":9400,"date":"2020-11-03T12:41:38","date_gmt":"2020-11-03T11:41:38","guid":{"rendered":"http:\/\/rt-europaallee.org\/wordpress\/?p=9400"},"modified":"2020-11-03T12:41:38","modified_gmt":"2020-11-03T11:41:38","slug":"nachbarschaftszentrum-holtenser-berg-marktschwaermerei-findet-trotz-teil-lockdown-statt","status":"publish","type":"post","link":"https:\/\/rt-europaallee.de\/wordpress\/2020\/11\/nachbarschaftszentrum-holtenser-berg-marktschwaermerei-findet-trotz-teil-lockdown-statt\/","title":{"rendered":"Nachbarschaftszentrum Holtenser Berg: Marktschw\u00e4rmerei findet trotz Teil-Lockdown statt."},"content":{"rendered":"<p>(Quelle: <a href=\"https:\/\/www.facebook.com\/NBZHoBerg\/posts\/3682181111812262?__cft__[0]=AZWfvcdyyebJWTTGAkFVh2J8XSssAaHVW6llbpSlSJtFcQm-OS2z5uFPnCPUrJ49_b-SB0K7lX5B3klaRoD_JfSedjlMrrii3YuWyk8XmBn3uwS9E9R8C2Bt8yu5vLh0KaRlZc3NJiAHUGRX0qCtE2heUMldEpwMv2dfBkMNZ9mmhIFzy40WsShi7Jef490K9RvXJgBbV7sZXBlDYiR6zjedORi8GIyK2pup_KammQX2yjbJ2916uMkVE8016PX54YY1ES5PxO0QVhESTmAsWmzy&amp;__tn__=%2CO%2CP-R\">https:\/\/www.facebook.com\/NBZHoBerg\/posts\/3682181111812262<\/a>)<\/p>\n<p>&nbsp;<\/p>\n<blockquote>\n<div class=\"buofh1pr\">\n<div class=\"j83agx80 cbu4d94t ew0dbk1b irj2b8pg\">\n<div class=\"qzhwtbm6 knvmm38d\">\n<div class=\"nc684nl6\"><a class=\"oajrlxb2 g5ia77u1 qu0x051f esr5mh6w e9989ue4 r7d6kgcz rq0escxv nhd2j8a9 nc684nl6 p7hjln8o kvgmc6g5 cxmmr5t8 oygrvhab hcukyx3x jb3vyjys rz4wbd8a qt6c0cv9 a8nywdso i1ao9s8h esuyzwwr f1sip0of lzcic4wl oo9gr5id gpro0wi8 lrazzd5p\" tabindex=\"0\" href=\"https:\/\/www.facebook.com\/NBZHoBerg\/?__cft__[0]=AZWRW7CS6vnc3ELDF1ncoDWizlzlxiipk3vfDWmFQbnzCapviFOvD1zWUgGHLAvXw2oyNK7PMMmMSKbmaQg71ddbJEoY3pfEmdLUbCCBxfWNWavgfsyAnFNjBZVB9YoO3K76r6_V7qfvaJ1NBppcJSzM3_bMiOIdanW0IcqD54ZzIi41nZ90B_9tgYaZ1F0geUxloHq92hLw8YvV4hJqMrwUV6_M-cc7YeKjvWffCd4t_QDHObL_Rx3yLnp84uQsdqRg_oFNwPyPniZbUkosiype&amp;__tn__=-UC%2CP-R\"><strong>Nachbarschaftszentrum Holtenser Berg<\/strong><\/a><\/div>\n<\/div>\n<div class=\"qzhwtbm6 knvmm38d\">\u200eDienstag, \u200e3. \u200eNovember \u200e2020 um 09:59<\/div>\n<\/div>\n<\/div>\n<div class=\"nqmvxvec j83agx80 jnigpg78 cxgpxx05 dflh9lhu sj5x9vvc scb9dxdr odw8uiq3\"><\/div>\n<div class=\"\" dir=\"auto\">\n<div id=\"jsc_c_an\" class=\"ecm0bbzt hv4rvrfc ihqw7lf3 dati1w0a\" data-ad-comet-preview=\"message\" data-ad-preview=\"message\">\n<div class=\"j83agx80 cbu4d94t ew0dbk1b irj2b8pg\">\n<div class=\"qzhwtbm6 knvmm38d\">\n<div class=\"kvgmc6g5 cxmmr5t8 oygrvhab hcukyx3x c1et5uql ii04i59q\">\n<div dir=\"auto\">Die Marktschw\u00e4rmerei dient der Lebensmittelversorgung und findet trotz Teil-Lockdown statt.<\/div>\n<\/div>\n<\/div>\n<\/div>\n<\/div>\n<\/div>\n<div class=\"qbxu24ho bxzzcbxg lxuwth05 h2mp5456 ue3kfks5 pw54ja7n uo3d90p7 l82x9zwi goun2846 ccm00jje s44p3ltw mk2mc5f4 frvqaej8 ed0hlay0 afxsp9o4 jcgfde61 tvfksri0 ozuftl9m\"><\/div>\n<div class=\"l9j0dhe7 jxk88fls rops0bsn n851cfcs\"><\/div>\n<div class=\"dati1w0a hv4rvrfc osnr6wyh\">\n<div class=\"btwxx1t3 j83agx80 cwj9ozl2\">\n<div class=\"j83agx80 cbu4d94t ew0dbk1b irj2b8pg\">\n<div class=\"qzhwtbm6 knvmm38d\">\n<div class=\"nc684nl6\"><a class=\"oajrlxb2 g5ia77u1 qu0x051f esr5mh6w e9989ue4 r7d6kgcz rq0escxv nhd2j8a9 nc684nl6 p7hjln8o kvgmc6g5 cxmmr5t8 oygrvhab hcukyx3x jb3vyjys rz4wbd8a qt6c0cv9 a8nywdso i1ao9s8h esuyzwwr f1sip0of lzcic4wl oo9gr5id gpro0wi8 lrazzd5p\" tabindex=\"0\" href=\"https:\/\/www.facebook.com\/marktschwaermerei.goe\/?__cft__[0]=AZWRW7CS6vnc3ELDF1ncoDWizlzlxiipk3vfDWmFQbnzCapviFOvD1zWUgGHLAvXw2oyNK7PMMmMSKbmaQg71ddbJEoY3pfEmdLUbCCBxfWNWavgfsyAnFNjBZVB9YoO3K76r6_V7qfvaJ1NBppcJSzM3_bMiOIdanW0IcqD54ZzIi41nZ90B_9tgYaZ1F0geUxloHq92hLw8YvV4hJqMrwUV6_M-cc7YeKjvWffCd4t_QDHObL_Rx3yLnp84uQsdqRg_oFNwPyPniZbUkosiype&amp;__tn__=-UC%2CP-y-R\"><strong>Marktschw\u00e4rmerei G\u00f6ttingen<\/strong><\/a><\/div>\n<div class=\"nc684nl6\">Montag, \u200e2. \u200eNovember \u200e2020 um 18:50<\/div>\n<\/div>\n<\/div>\n<\/div>\n<\/div>\n<div class=\"qzhwtbm6 knvmm38d\"><a href=\"https:\/\/www.facebook.com\/marktschwaermerei.goe\/photos\/a.131322688729506\/135089761686132\/?type=3&amp;__xts__%5B0%5D=68.ARCWjSAk2UmSV_Fxsqr6wWcJiJXOJQWqtwFn8HBRZ-PQhCV0UIPLLTTuja3Q3Ifa-NbUENwICJvxsyudl3HlbRME1h-SOHMfMPRIMiuLoHApu8v4UcXT1Zp4-L4LN5FIfBZ5KMy6QX8w-W41C4EWV_8y6Dnty6WY6jyLbsBNzeFPLyuNvB9zE8Qv5uowavrX4Utdum7h1HibwAje0WwbSLXfLOZau1QuB5gb_zqkfD4k9LrZNIpI1FMNe2Y0JRxVPQYHkJO6ybg7jEq13vTTceUuvqVlB-1Uqog26f0EPur9NIvt1MBTkUEpWOp8E0LznYgAX8nB4eWHv_86bAieo4_EdNcubwGT-7sdJW39JN7_5-uWt5YCCmeB2VN89AJvhdLtb2Z1TPIz86TuFTifsEqPavc_bvUVYLoJip09rjbAH-G23vHLbVYkVZXv5-wIJfYHuNVgekX4o-omducZB21aaiRRKQGiFS75B5IvVkTJPeSy8VRBMFQqpQ&amp;__tn__=H-R\">https:\/\/www.facebook.com\/marktschwaermerei.goe\/photos\/a.131322688729506\/135089761686132<\/a><\/div>\n<div class=\"qzhwtbm6 knvmm38d\"><\/div>\n<div class=\"\" dir=\"auto\">\n<div class=\"\" dir=\"auto\">\n<div class=\"ecm0bbzt hv4rvrfc ihqw7lf3 dati1w0a\" data-ad-comet-preview=\"message\" data-ad-preview=\"message\">\n<div class=\"j83agx80 cbu4d94t ew0dbk1b irj2b8pg\">\n<div class=\"qzhwtbm6 knvmm38d\">\n<div class=\"kvgmc6g5 cxmmr5t8 oygrvhab hcukyx3x c1et5uql ii04i59q\">\n<div dir=\"auto\">Liebe Marktschw\u00e4rmer:innen,<\/div>\n<\/div>\n<div class=\"o9v6fnle cxmmr5t8 oygrvhab hcukyx3x c1et5uql ii04i59q\">\n<div dir=\"auto\">jetzt endlich ist es soweit! Unser Online-Shop ist seit heute ge\u00f6ffnet f\u00fcr Euch! Online bestellen bis einschlie\u00dflich Di 10.11., Verteilung am Do, 12.11. 18-19.30Uhr.<\/div>\n<\/div>\n<div class=\"o9v6fnle cxmmr5t8 oygrvhab hcukyx3x c1et5uql ii04i59q\">\n<div dir=\"auto\">Unsere Landwirte und Erzeuger aus der Nachbarschaft bringen uns jetzt ihre besten Produkte direkt in die Stadt. Nach ihrer (nicht immer geliebten) Schreibtischarbeit f\u00fcr das Einstellen in den Shop k\u00f6nnen sie Euch nun kennenlernen und erz\u00e4hlen \u00fcber ihre Arbeit und ihre Erzeugnisse. Wir m\u00fcssen nur die Coronaregeln beachten und darum leider auch unsere gro\u00dfe Er\u00f6ffnungsfeier verschieben. Aber auch beim \u201ceinfachen Abholen\u201d sind ein paar Worte auf Abstand bestimmt m\u00f6glich.<\/div>\n<\/div>\n<div class=\"o9v6fnle cxmmr5t8 oygrvhab hcukyx3x c1et5uql ii04i59q\">\n<div dir=\"auto\">Als Kunden sind wir doch froh, dass wir \u00fcber das europaweite Marktschw\u00e4rmer-Netzwerk die regionalen Erzeuger ein wenig unterst\u00fctzen k\u00f6nnen, denen die M\u00e4rkte und Veranstaltungen als Einnahmequellen in diesem Jahr fast komplett weggebrochen sind. &#8211; Was f\u00fcr ein tolles Konzept, bei dem wir von gesunden und nachhaltig produzierten Erzeugnissen profitieren und gleichzeitig noch etwas Gutes tun, indem wir Nachhaltigkeit und faires Wirtschaften unterst\u00fctzen.<\/div>\n<\/div>\n<div class=\"o9v6fnle cxmmr5t8 oygrvhab hcukyx3x c1et5uql ii04i59q\">\n<div dir=\"auto\">Noch ist unser Shop in der Wachstumsphase und etliche Produkte brauchen noch etwas Vorbereitung oder wollen noch aquiriert werden.<\/div>\n<div dir=\"auto\">Ab Ende November gibt es dann auch Fleisch aus frischer Schlachtung, wie z.B. Rindfleisch vom Galloway- und Angusrind oder Masth\u00fchnchen. Dieses wird mit Vorbestellung dann separat angek\u00fcndigt und eingestellt.<\/div>\n<\/div>\n<div class=\"o9v6fnle cxmmr5t8 oygrvhab hcukyx3x c1et5uql ii04i59q\">\n<div dir=\"auto\">WER IST BEIM ERSTEN MAL DABEI?<\/div>\n<\/div>\n<div class=\"o9v6fnle cxmmr5t8 oygrvhab hcukyx3x c1et5uql ii04i59q\">\n<div dir=\"auto\">Gem\u00fcseanbau und G\u00e4rtnerei Marzett: Gem\u00fcse<\/div>\n<div dir=\"auto\">Bauernhof Vogel: Eier, Wild, Masth\u00e4hnchen<\/div>\n<div dir=\"auto\">Brothof Waake: Brot, Kartoffeln, Rindfleisch<\/div>\n<div dir=\"auto\">Sandra und Herbert R\u00fcmenapf: Mettwurst, Schinken, Dosenwurst<\/div>\n<div dir=\"auto\">Milchhof Traupe: K\u00e4se (sp\u00e4ter Joghurt, Milch)<\/div>\n<div dir=\"auto\">Back mal!: Honig, Mehle, Backmischungen<\/div>\n<div dir=\"auto\">Kaffelino: Kaffee<\/div>\n<div dir=\"auto\">Naturseifen Gartetal: Seifen &amp; Co.<\/div>\n<\/div>\n<div class=\"o9v6fnle cxmmr5t8 oygrvhab hcukyx3x c1et5uql ii04i59q\">\n<div dir=\"auto\">Passt auf Euch auf und bis Donnerstag den 12.11.2020 ab 18 Uhr.<\/div>\n<\/div>\n<div class=\"o9v6fnle cxmmr5t8 oygrvhab hcukyx3x c1et5uql ii04i59q\">\n<div dir=\"auto\">Eure Gastgeber<\/div>\n<div dir=\"auto\">Petra und Thomas<\/div>\n<\/div>\n<div class=\"o9v6fnle cxmmr5t8 oygrvhab hcukyx3x c1et5uql ii04i59q\">\n<div dir=\"auto\">Direktlink zur Anmeldung f\u00fcr Marktschw\u00e4rmer:<\/div>\n<div dir=\"auto\"><a class=\"oajrlxb2 g5ia77u1 qu0x051f esr5mh6w e9989ue4 r7d6kgcz rq0escxv nhd2j8a9 nc684nl6 p7hjln8o kvgmc6g5 cxmmr5t8 oygrvhab hcukyx3x jb3vyjys rz4wbd8a qt6c0cv9 a8nywdso i1ao9s8h esuyzwwr f1sip0of lzcic4wl py34i1dx gpro0wi8\" tabindex=\"0\" href=\"https:\/\/marktschwaermer.de\/de\/assemblies\/12976?fbclid=IwAR2gOLGezQ6oURaWxg9JOBWtZUjdiJeW7n1i7FrowsasJjFmrEjlMP47Bh0\" target=\"_blank\" rel=\"nofollow noopener noreferrer\">https:\/\/marktschwaermer.de\/de\/assemblies\/12976<\/a><\/div>\n<\/div>\n<\/div>\n<\/div>\n<\/div>\n<\/div>\n<\/div>\n<\/blockquote>\n","protected":false},"excerpt":{"rendered":"<p>(Quelle: https:\/\/www.facebook.com\/NBZHoBerg\/posts\/3682181111812262) &nbsp; Nachbarschaftszentrum Holtenser Berg \u200eDienstag, \u200e3. \u200eNovember \u200e2020 um 09:59 Die Marktschw\u00e4rmerei dient der Lebensmittelversorgung und findet trotz Teil-Lockdown statt. Marktschw\u00e4rmerei G\u00f6ttingen Montag, \u200e2. \u200eNovember \u200e2020 um 18:50 https:\/\/www.facebook.com\/marktschwaermerei.goe\/photos\/a.131322688729506\/135089761686132 Liebe Marktschw\u00e4rmer:innen, jetzt endlich ist es soweit! Unser Online-Shop ist seit heute ge\u00f6ffnet f\u00fcr Euch! Online bestellen bis einschlie\u00dflich Di 10.11., Verteilung am Do, &#8230; <a title=\"Nachbarschaftszentrum Holtenser Berg: Marktschw\u00e4rmerei findet trotz Teil-Lockdown statt.\" class=\"read-more\" href=\"https:\/\/rt-europaallee.de\/wordpress\/2020\/11\/nachbarschaftszentrum-holtenser-berg-marktschwaermerei-findet-trotz-teil-lockdown-statt\/\" aria-label=\"Mehr Informationen \u00fcber Nachbarschaftszentrum Holtenser Berg: Marktschw\u00e4rmerei findet trotz Teil-Lockdown statt.\">Weiterlesen<\/a><\/p>\n","protected":false},"author":3,"featured_media":0,"comment_status":"closed","ping_status":"open","sticky":false,"template":"","format":"standard","meta":{"footnotes":""},"categories":[1],"tags":[],"class_list":["post-9400","post","type-post","status-publish","format-standard","hentry","category-allgemein"],"_links":{"self":[{"href":"https:\/\/rt-europaallee.de\/wordpress\/wp-json\/wp\/v2\/posts\/9400","targetHints":{"allow":["GET"]}}],"collection":[{"href":"https:\/\/rt-europaallee.de\/wordpress\/wp-json\/wp\/v2\/posts"}],"about":[{"href":"https:\/\/rt-europaallee.de\/wordpress\/wp-json\/wp\/v2\/types\/post"}],"author":[{"embeddable":true,"href":"https:\/\/rt-europaallee.de\/wordpress\/wp-json\/wp\/v2\/users\/3"}],"replies":[{"embeddable":true,"href":"https:\/\/rt-europaallee.de\/wordpress\/wp-json\/wp\/v2\/comments?post=9400"}],"version-history":[{"count":1,"href":"https:\/\/rt-europaallee.de\/wordpress\/wp-json\/wp\/v2\/posts\/9400\/revisions"}],"predecessor-version":[{"id":9401,"href":"https:\/\/rt-europaallee.de\/wordpress\/wp-json\/wp\/v2\/posts\/9400\/revisions\/9401"}],"wp:attachment":[{"href":"https:\/\/rt-europaallee.de\/wordpress\/wp-json\/wp\/v2\/media?parent=9400"}],"wp:term":[{"taxonomy":"category","embeddable":true,"href":"https:\/\/rt-europaallee.de\/wordpress\/wp-json\/wp\/v2\/categories?post=9400"},{"taxonomy":"post_tag","embeddable":true,"href":"https:\/\/rt-europaallee.de\/wordpress\/wp-json\/wp\/v2\/tags?post=9400"}],"curies":[{"name":"wp","href":"https:\/\/api.w.org\/{rel}","templated":true}]}}