{"id":9423,"date":"2020-11-10T21:05:14","date_gmt":"2020-11-10T20:05:14","guid":{"rendered":"http:\/\/rt-europaallee.org\/wordpress\/?p=9423"},"modified":"2020-11-10T21:07:10","modified_gmt":"2020-11-10T20:07:10","slug":"sg-gruen-weiss-hagenberg-corona-sorgt-wieder-fuer-einen-lockdown-im-sport-und-im-vereinsheim","status":"publish","type":"post","link":"https:\/\/rt-europaallee.de\/wordpress\/2020\/11\/sg-gruen-weiss-hagenberg-corona-sorgt-wieder-fuer-einen-lockdown-im-sport-und-im-vereinsheim\/","title":{"rendered":"SG Gr\u00fcn-Wei\u00df Hagenberg: Corona sorgt wieder f\u00fcr einen Lockdown im Sport und im Vereinsheim"},"content":{"rendered":"<p>(Quelle: <a href=\"http:\/\/www.gwhagenberg.de\/gesamtverein.0.html?&amp;no_cache=1\">http:\/\/www.gwhagenberg.de\/gesamtverein.0.html?&amp;no_cache=1<\/a>)<\/p>\n<blockquote>\n<div class=\"csc-header csc-header-n1\">\n<h1 class=\"csc-firstHeader\">Corona sorgt wieder f\u00fcr einen Lockdown im Sport und im Vereinsheim<\/h1>\n<\/div>\n<p class=\"bodytext\">Es ist wieder soweit: ab Montag, 02.November wird der Sportbetrieb in ganz Deutschland im Amateur- und Freizeitbereich eingestellt. Die schnell ansteigenden Corona-Zahlen haben die Politik zu dieser Ma\u00dfnahme veranlasst.<\/p>\n<p class=\"bodytext\">Von der Schlie\u00dfung ist auch unser Vereinsheim betroffen. Auch dieses ist ab Montag f\u00fcr 4 Wochen geschlossen.<\/p>\n<p class=\"bodytext\">Wir bedanken uns bei unseren Mitgliedern, dass bei Gr\u00fcn-Wei\u00df der \u00dcbungs- und Wettkampfbetrieb so vorbildlich funktioniert hat und sich stets an die geltenden Hygiene &#8211; und Abstandsregeln gehalten wurde.<\/p>\n<p class=\"bodytext\">Wir hoffen, dass wir ab Dezember dann wieder wie gewohnt den Sportbetrieb aufnehmen k\u00f6nnen.<\/p>\n<\/blockquote>\n","protected":false},"excerpt":{"rendered":"<p>(Quelle: http:\/\/www.gwhagenberg.de\/gesamtverein.0.html?&amp;no_cache=1) Corona sorgt wieder f\u00fcr einen Lockdown im Sport und im Vereinsheim Es ist wieder soweit: ab Montag, 02.November wird der Sportbetrieb in ganz Deutschland im Amateur- und Freizeitbereich eingestellt. Die schnell ansteigenden Corona-Zahlen haben die Politik zu dieser Ma\u00dfnahme veranlasst. Von der Schlie\u00dfung ist auch unser Vereinsheim betroffen. Auch dieses ist ab Montag &#8230; <a title=\"SG Gr\u00fcn-Wei\u00df Hagenberg: Corona sorgt wieder f\u00fcr einen Lockdown im Sport und im Vereinsheim\" class=\"read-more\" href=\"https:\/\/rt-europaallee.de\/wordpress\/2020\/11\/sg-gruen-weiss-hagenberg-corona-sorgt-wieder-fuer-einen-lockdown-im-sport-und-im-vereinsheim\/\" aria-label=\"Mehr Informationen \u00fcber SG Gr\u00fcn-Wei\u00df Hagenberg: Corona sorgt wieder f\u00fcr einen Lockdown im Sport und im Vereinsheim\">Weiterlesen<\/a><\/p>\n","protected":false},"author":3,"featured_media":0,"comment_status":"closed","ping_status":"open","sticky":false,"template":"","format":"standard","meta":{"footnotes":""},"categories":[1],"tags":[],"class_list":["post-9423","post","type-post","status-publish","format-standard","hentry","category-allgemein"],"_links":{"self":[{"href":"https:\/\/rt-europaallee.de\/wordpress\/wp-json\/wp\/v2\/posts\/9423","targetHints":{"allow":["GET"]}}],"collection":[{"href":"https:\/\/rt-europaallee.de\/wordpress\/wp-json\/wp\/v2\/posts"}],"about":[{"href":"https:\/\/rt-europaallee.de\/wordpress\/wp-json\/wp\/v2\/types\/post"}],"author":[{"embeddable":true,"href":"https:\/\/rt-europaallee.de\/wordpress\/wp-json\/wp\/v2\/users\/3"}],"replies":[{"embeddable":true,"href":"https:\/\/rt-europaallee.de\/wordpress\/wp-json\/wp\/v2\/comments?post=9423"}],"version-history":[{"count":1,"href":"https:\/\/rt-europaallee.de\/wordpress\/wp-json\/wp\/v2\/posts\/9423\/revisions"}],"predecessor-version":[{"id":9424,"href":"https:\/\/rt-europaallee.de\/wordpress\/wp-json\/wp\/v2\/posts\/9423\/revisions\/9424"}],"wp:attachment":[{"href":"https:\/\/rt-europaallee.de\/wordpress\/wp-json\/wp\/v2\/media?parent=9423"}],"wp:term":[{"taxonomy":"category","embeddable":true,"href":"https:\/\/rt-europaallee.de\/wordpress\/wp-json\/wp\/v2\/categories?post=9423"},{"taxonomy":"post_tag","embeddable":true,"href":"https:\/\/rt-europaallee.de\/wordpress\/wp-json\/wp\/v2\/tags?post=9423"}],"curies":[{"name":"wp","href":"https:\/\/api.w.org\/{rel}","templated":true}]}}