{"id":9643,"date":"2020-12-18T13:51:55","date_gmt":"2020-12-18T12:51:55","guid":{"rendered":"http:\/\/rt-europaallee.org\/wordpress\/?p=9643"},"modified":"2020-12-18T13:51:55","modified_gmt":"2020-12-18T12:51:55","slug":"bonveno-wuenscht-frohe-weihnachten-und-alles-gute-fuer-2021-%e2%ad%90","status":"publish","type":"post","link":"https:\/\/rt-europaallee.de\/wordpress\/2020\/12\/bonveno-wuenscht-frohe-weihnachten-und-alles-gute-fuer-2021-%e2%ad%90\/","title":{"rendered":"Bonveno w\u00fcnscht frohe Weihnachten und alles Gute f\u00fcr 2021 \u2b50"},"content":{"rendered":"<p>Weitergeleitete E- Mail von Uwe Richter\u00a0(18.12.2020)<\/p>\n<p>&nbsp;<\/p>\n<blockquote>\n<div>\n<div><b>Gesendet:<\/b>\u00a0Donnerstag, 17. Dezember 2020 um 16:25 Uhr<br \/>\n<b>Von:<\/b>\u00a0&#8222;Julia Pfr\u00f6tschner&#8220; &lt;j.pfroetschner@bonveno-goettingen.de&gt;<br \/>\n<b>An:<\/b>\u00a0m.elmasmari@awo-goettingen.de<br \/>\n<b>Cc:<\/b>\u00a0b.briesemeister@bonveno-goettingen.de, &#8222;Leonie Engelbert&#8220; &lt;l.engelbert@bonveno-goettingen.de&gt;, &#8222;Mansour Saleh-Adem&#8220; &lt;m.saleh-adem@bonveno-goettingen.de&gt;<br \/>\n<b>Betreff:<\/b>\u00a0Frohe Weihnachten und alles Gute f\u00fcr 2021 \u2b50<\/div>\n<div>\n<p>Liebe Ehrenamtliche, liebe Bonveno-Freunde,<\/p>\n<p>auch in diesem Jahr m\u00f6chten wir uns im Namen unserer Bewohner*innen und des<br \/>\ngesamten Bonveno-Teams ganz herzlich bei Euch und Ihnen f\u00fcr das Engagement<br \/>\nund die vielf\u00e4ltige Unterst\u00fctzung, die uns von Ehrenamtlichen,<br \/>\nHauptamtlichen, Freiwilligen und Kooperationspartner*innen im vergangenen<br \/>\nJahr zuteil wurde, bedanken.<\/p>\n<p>Das Jahr 2020 hat uns alle in vielerlei Hinsicht gefordert. Wir mussten<br \/>\nneue Wege finden und uns immer wieder an die ver\u00e4nderten Rahmenbedingungen<br \/>\nanpassen.<\/p>\n<p>Soziales Engagement wie wir es kennen, war dieses Jahr \u00fcber viele Monate<br \/>\nnicht m\u00f6glich, dennoch haben wir versucht, das Beste aus den Umst\u00e4nden zu<br \/>\nmachen.<\/p>\n<p>In unserem Fall bedeutete dies vor allem digitale Kontakte,<br \/>\nBriefpatenschaften und Treffen auf (1,5-Meter-)Abstand zu vermitteln.<\/p>\n<p>Dabei haben wir erlebt, wie sehr sich Kinder \u00fcber einen eigenen Brief<br \/>\nfreuen, dass Online-Fortbildungen manchmal eine gute Alternative sein k\u00f6nnen<br \/>\nund wie wichtig echter Kontakt ist.<\/p>\n<p>Wir haben vieles ausprobiert und nehmen einige gute Ideen mit ins neue<br \/>\nJahr!<\/p>\n<p>Bei Euch und Ihnen bedanken wir uns ganz herzlich f\u00fcr die tolle<br \/>\nZusammenarbeit. Vielen Dank auch f\u00fcr die Flexibilit\u00e4t und den Einsatz in<br \/>\ndiesem dynamischen Jahr.<\/p>\n<p>Es ist uns eine Freunde mit Ihnen und Euch zusammen Gefl\u00fcchtete auf ihrem<br \/>\ngemeinsamen Weg zu begleiten.<\/p>\n<p>Wir freuen uns trotz allem auf 2021 und hoffen, dass wir uns bald wieder<br \/>\nvon Angesicht zu Angesicht treffen werden.<\/p>\n<p>In diesem Sinne w\u00fcnschen wir frohe Weihnachten und einen guten Rutsch ins<br \/>\nneue Jahr.<\/p>\n<p>Manar und ich verabschieden uns mit dieser E-Mail in die Weihnachtspause<br \/>\nund sind ab dem 04.01.2021 wieder im Einsatz. Bis dahin stehen f\u00fcr dringende<br \/>\nFragen unsere Kolleg*innen in den Unterk\u00fcnften zur Verf\u00fcgung (die<br \/>\nBonveno-B\u00fcros auch \u00fcber die Feiertage besetzt).<\/p>\n<p>Viele Gr\u00fc\u00dfe vom ganzen Bonveno-Team auch im Namen von Bettina Briesemeister<br \/>\n(Leitung Zieten) und Leonie Engelbert (Leitung Europa-Allee) sowie Mansour<br \/>\nSaleh-Adem (Betreuung und Ansprechpartner Hann. M\u00fcnden),<\/p>\n<p>Manar Elmasmari und Julia Pf\u00f6tschner<\/p>\n<p>Patenschaften und Ehrenamtskoordination<br \/>\nBonveno G\u00f6ttingen gGmbH<\/p>\n<p>&lt;<a href=\"http:\/\/www.bonveno-goettingen.de\/\" target=\"_blank\" rel=\"noopener noreferrer\">http:\/\/www.bonveno-goettingen.de\/<\/a>&gt; <a href=\"http:\/\/www.Bonveno-Goettingen.de\" target=\"_blank\" rel=\"noopener noreferrer\">www.Bonveno-Goettingen.de<\/a><\/div>\n<\/div>\n<\/blockquote>\n","protected":false},"excerpt":{"rendered":"<p>Weitergeleitete E- Mail von Uwe Richter\u00a0(18.12.2020) &nbsp; Gesendet:\u00a0Donnerstag, 17. Dezember 2020 um 16:25 Uhr Von:\u00a0&#8222;Julia Pfr\u00f6tschner&#8220; &lt;j.pfroetschner@bonveno-goettingen.de&gt; An:\u00a0m.elmasmari@awo-goettingen.de Cc:\u00a0b.briesemeister@bonveno-goettingen.de, &#8222;Leonie Engelbert&#8220; &lt;l.engelbert@bonveno-goettingen.de&gt;, &#8222;Mansour Saleh-Adem&#8220; &lt;m.saleh-adem@bonveno-goettingen.de&gt; Betreff:\u00a0Frohe Weihnachten und alles Gute f\u00fcr 2021 \u2b50 Liebe Ehrenamtliche, liebe Bonveno-Freunde, auch in diesem Jahr m\u00f6chten wir uns im Namen unserer Bewohner*innen und des gesamten Bonveno-Teams ganz herzlich bei &#8230; <a title=\"Bonveno w\u00fcnscht frohe Weihnachten und alles Gute f\u00fcr 2021 \u2b50\" class=\"read-more\" href=\"https:\/\/rt-europaallee.de\/wordpress\/2020\/12\/bonveno-wuenscht-frohe-weihnachten-und-alles-gute-fuer-2021-%e2%ad%90\/\" aria-label=\"Mehr Informationen \u00fcber Bonveno w\u00fcnscht frohe Weihnachten und alles Gute f\u00fcr 2021 \u2b50\">Weiterlesen<\/a><\/p>\n","protected":false},"author":3,"featured_media":0,"comment_status":"closed","ping_status":"open","sticky":false,"template":"","format":"standard","meta":{"footnotes":""},"categories":[1],"tags":[],"class_list":["post-9643","post","type-post","status-publish","format-standard","hentry","category-allgemein"],"_links":{"self":[{"href":"https:\/\/rt-europaallee.de\/wordpress\/wp-json\/wp\/v2\/posts\/9643","targetHints":{"allow":["GET"]}}],"collection":[{"href":"https:\/\/rt-europaallee.de\/wordpress\/wp-json\/wp\/v2\/posts"}],"about":[{"href":"https:\/\/rt-europaallee.de\/wordpress\/wp-json\/wp\/v2\/types\/post"}],"author":[{"embeddable":true,"href":"https:\/\/rt-europaallee.de\/wordpress\/wp-json\/wp\/v2\/users\/3"}],"replies":[{"embeddable":true,"href":"https:\/\/rt-europaallee.de\/wordpress\/wp-json\/wp\/v2\/comments?post=9643"}],"version-history":[{"count":1,"href":"https:\/\/rt-europaallee.de\/wordpress\/wp-json\/wp\/v2\/posts\/9643\/revisions"}],"predecessor-version":[{"id":9644,"href":"https:\/\/rt-europaallee.de\/wordpress\/wp-json\/wp\/v2\/posts\/9643\/revisions\/9644"}],"wp:attachment":[{"href":"https:\/\/rt-europaallee.de\/wordpress\/wp-json\/wp\/v2\/media?parent=9643"}],"wp:term":[{"taxonomy":"category","embeddable":true,"href":"https:\/\/rt-europaallee.de\/wordpress\/wp-json\/wp\/v2\/categories?post=9643"},{"taxonomy":"post_tag","embeddable":true,"href":"https:\/\/rt-europaallee.de\/wordpress\/wp-json\/wp\/v2\/tags?post=9643"}],"curies":[{"name":"wp","href":"https:\/\/api.w.org\/{rel}","templated":true}]}}