{"id":9645,"date":"2020-12-18T14:36:10","date_gmt":"2020-12-18T13:36:10","guid":{"rendered":"http:\/\/rt-europaallee.org\/wordpress\/?p=9645"},"modified":"2020-12-18T14:36:10","modified_gmt":"2020-12-18T13:36:10","slug":"stadtteilbuero-leineberg-vom-21-dezember-bis-einschliesslich-zum-3-januar-betriebsferien","status":"publish","type":"post","link":"https:\/\/rt-europaallee.de\/wordpress\/2020\/12\/stadtteilbuero-leineberg-vom-21-dezember-bis-einschliesslich-zum-3-januar-betriebsferien\/","title":{"rendered":"Stadtteilb\u00fcro Leineberg: vom 21. Dezember bis einschlie\u00dflich zum 3. Januar Betriebsferien"},"content":{"rendered":"<p>(Quelle: <a href=\"https:\/\/www.facebook.com\/Stadtteilbuero.Leineberg\/posts\/3631226196937717?notif_id=1607690532524853&amp;notif_t=notify_me_page&amp;ref=notif#\">https:\/\/www.facebook.com\/Stadtteilbuero.Leineberg\/posts\/3631226196937717?notif_id=1607690532524853&amp;notif_t=notify_me_page&amp;ref=notif#<\/a>)<\/p>\n<p>&nbsp;<\/p>\n<blockquote>\n<div>\n<div class=\"pybr56ya dati1w0a hv4rvrfc n851cfcs btwxx1t3 j83agx80 ll8tlv6m\">\n<div class=\"oi9244e8 do00u71z j83agx80\">\n<div class=\"nc684nl6\">\n<div class=\"q676j6op qypqp5cg\"><\/div>\n<\/div>\n<\/div>\n<div class=\"buofh1pr\">\n<div class=\"j83agx80 cbu4d94t ew0dbk1b irj2b8pg\">\n<div class=\"qzhwtbm6 knvmm38d\">\n<div class=\"nc684nl6\"><strong><a class=\"oajrlxb2 g5ia77u1 qu0x051f esr5mh6w e9989ue4 r7d6kgcz rq0escxv nhd2j8a9 nc684nl6 p7hjln8o kvgmc6g5 cxmmr5t8 oygrvhab hcukyx3x jb3vyjys rz4wbd8a qt6c0cv9 a8nywdso i1ao9s8h esuyzwwr f1sip0of lzcic4wl oo9gr5id gpro0wi8 lrazzd5p\" tabindex=\"0\" href=\"https:\/\/www.facebook.com\/Stadtteilbuero.Leineberg\/?__cft__[0]=AZWkzZoeu-NPunLVwtYeEMsnFDe56Y11LB_RmkyCvXUtB7wo2PlZ0nJx-yjs8HLw_zdrUU6E7zIqGrMuWu1LvhoDaq5bgobLY-4RfsIFOJHdkLdz7jL42nRGtwpL4gUCJhZl6GJ8DR8pQVdLJzpmCYjk&amp;__tn__=-UC%2CP-R\">Stadtteilb\u00fcro Leineberg<\/a><\/strong><\/div>\n<\/div>\n<\/div>\n<\/div>\n<div class=\"nqmvxvec j83agx80 jnigpg78 cxgpxx05 dflh9lhu sj5x9vvc scb9dxdr odw8uiq3\"><\/div>\n<\/div>\n<\/div>\n<div class=\"\" dir=\"auto\">\n<div id=\"jsc_c_14\" class=\"ecm0bbzt hv4rvrfc ihqw7lf3 dati1w0a\" data-ad-comet-preview=\"message\" data-ad-preview=\"message\">\n<div class=\"j83agx80 cbu4d94t ew0dbk1b irj2b8pg\">\n<div class=\"qzhwtbm6 knvmm38d\">\n<div class=\"kvgmc6g5 cxmmr5t8 oygrvhab hcukyx3x c1et5uql ii04i59q\">\n<div dir=\"auto\">Auch wir brauchen mal Urlaub! Das Stadtteilb\u00fcro macht daher vom 21. Dezember bis einschlie\u00dflich zum 3. Januar Betriebsferien.<\/div>\n<div dir=\"auto\">In Krisenf\u00e4llen beachten Sie bitte die Notfallnummern und scheuen Sie sich nicht, dort anzurufen.<\/div>\n<div dir=\"auto\">Wir w\u00fcnschen allen ein sch\u00f6nes und besinnliches Weihnachtsfest und einen guten Start ins neue Jahr!<\/div>\n<\/div>\n<\/div>\n<\/div>\n<\/div>\n<\/div>\n<\/blockquote>\n","protected":false},"excerpt":{"rendered":"<p>(Quelle: https:\/\/www.facebook.com\/Stadtteilbuero.Leineberg\/posts\/3631226196937717?notif_id=1607690532524853&amp;notif_t=notify_me_page&amp;ref=notif#) &nbsp; Stadtteilb\u00fcro Leineberg Auch wir brauchen mal Urlaub! Das Stadtteilb\u00fcro macht daher vom 21. Dezember bis einschlie\u00dflich zum 3. Januar Betriebsferien. In Krisenf\u00e4llen beachten Sie bitte die Notfallnummern und scheuen Sie sich nicht, dort anzurufen. Wir w\u00fcnschen allen ein sch\u00f6nes und besinnliches Weihnachtsfest und einen guten Start ins neue Jahr!<\/p>\n","protected":false},"author":3,"featured_media":0,"comment_status":"closed","ping_status":"open","sticky":false,"template":"","format":"standard","meta":{"footnotes":""},"categories":[1],"tags":[],"class_list":["post-9645","post","type-post","status-publish","format-standard","hentry","category-allgemein"],"_links":{"self":[{"href":"https:\/\/rt-europaallee.de\/wordpress\/wp-json\/wp\/v2\/posts\/9645","targetHints":{"allow":["GET"]}}],"collection":[{"href":"https:\/\/rt-europaallee.de\/wordpress\/wp-json\/wp\/v2\/posts"}],"about":[{"href":"https:\/\/rt-europaallee.de\/wordpress\/wp-json\/wp\/v2\/types\/post"}],"author":[{"embeddable":true,"href":"https:\/\/rt-europaallee.de\/wordpress\/wp-json\/wp\/v2\/users\/3"}],"replies":[{"embeddable":true,"href":"https:\/\/rt-europaallee.de\/wordpress\/wp-json\/wp\/v2\/comments?post=9645"}],"version-history":[{"count":1,"href":"https:\/\/rt-europaallee.de\/wordpress\/wp-json\/wp\/v2\/posts\/9645\/revisions"}],"predecessor-version":[{"id":9646,"href":"https:\/\/rt-europaallee.de\/wordpress\/wp-json\/wp\/v2\/posts\/9645\/revisions\/9646"}],"wp:attachment":[{"href":"https:\/\/rt-europaallee.de\/wordpress\/wp-json\/wp\/v2\/media?parent=9645"}],"wp:term":[{"taxonomy":"category","embeddable":true,"href":"https:\/\/rt-europaallee.de\/wordpress\/wp-json\/wp\/v2\/categories?post=9645"},{"taxonomy":"post_tag","embeddable":true,"href":"https:\/\/rt-europaallee.de\/wordpress\/wp-json\/wp\/v2\/tags?post=9645"}],"curies":[{"name":"wp","href":"https:\/\/api.w.org\/{rel}","templated":true}]}}