{"id":9676,"date":"2021-01-08T15:08:44","date_gmt":"2021-01-08T14:08:44","guid":{"rendered":"http:\/\/rt-europaallee.org\/wordpress\/?p=9676"},"modified":"2021-01-08T15:36:40","modified_gmt":"2021-01-08T14:36:40","slug":"niedersaechsische-corona-verordnung-diese-fassung-tritt-am-10-januar-2021-in-kraft","status":"publish","type":"post","link":"https:\/\/rt-europaallee.de\/wordpress\/2021\/01\/niedersaechsische-corona-verordnung-diese-fassung-tritt-am-10-januar-2021-in-kraft\/","title":{"rendered":"Nieders\u00e4chsische Corona-Verordnung: Diese Fassung tritt am 10. Januar 2021 in Kraft"},"content":{"rendered":"<p>(Quelle: <a href=\"https:\/\/www.niedersachsen.de\/Coronavirus\/vorschriften-der-landesregierung-185856.html\">https:\/\/www.niedersachsen.de\/Coronavirus\/vorschriften-der-landesregierung-185856.html<\/a>)<\/p>\n<p>&nbsp;<\/p>\n<div class=\"group section noline span3of4\">\n<blockquote><p><span style=\"color: #e82e82;\"><b><span class=\"c1\">Nieders\u00e4chsische Corona-Verordnung:<\/span><\/b><\/span><\/p>\n<p><span class=\"c1\" style=\"color: #e82e82;\">Die nachstehende Fassung tritt am 10. Januar 2021 in Kraft:<\/span><\/p>\n<p><a class=\"download\" href=\"https:\/\/www.niedersachsen.de\/download\/162602\" target=\"_blank\" rel=\"noopener noreferrer\">Nieders\u00e4chsische Verordnung \u00fcber die Ma\u00dfnahmen zur Eind\u00e4mmung des Corona-Virus SARS CoV-2 (Nieders\u00e4chsische Corona-Verordnung) &#8211; Lesefassung (g\u00fcltig ab 10. Januar 2021) &#8211; mit markierten \u00c4nderungen)<\/a><\/p><\/blockquote>\n<\/div>\n","protected":false},"excerpt":{"rendered":"<p>(Quelle: https:\/\/www.niedersachsen.de\/Coronavirus\/vorschriften-der-landesregierung-185856.html) &nbsp; Nieders\u00e4chsische Corona-Verordnung: Die nachstehende Fassung tritt am 10. Januar 2021 in Kraft: Nieders\u00e4chsische Verordnung \u00fcber die Ma\u00dfnahmen zur Eind\u00e4mmung des Corona-Virus SARS CoV-2 (Nieders\u00e4chsische Corona-Verordnung) &#8211; Lesefassung (g\u00fcltig ab 10. Januar 2021) &#8211; mit markierten \u00c4nderungen)<\/p>\n","protected":false},"author":3,"featured_media":0,"comment_status":"closed","ping_status":"open","sticky":false,"template":"","format":"standard","meta":{"footnotes":""},"categories":[1],"tags":[],"class_list":["post-9676","post","type-post","status-publish","format-standard","hentry","category-allgemein"],"_links":{"self":[{"href":"https:\/\/rt-europaallee.de\/wordpress\/wp-json\/wp\/v2\/posts\/9676","targetHints":{"allow":["GET"]}}],"collection":[{"href":"https:\/\/rt-europaallee.de\/wordpress\/wp-json\/wp\/v2\/posts"}],"about":[{"href":"https:\/\/rt-europaallee.de\/wordpress\/wp-json\/wp\/v2\/types\/post"}],"author":[{"embeddable":true,"href":"https:\/\/rt-europaallee.de\/wordpress\/wp-json\/wp\/v2\/users\/3"}],"replies":[{"embeddable":true,"href":"https:\/\/rt-europaallee.de\/wordpress\/wp-json\/wp\/v2\/comments?post=9676"}],"version-history":[{"count":4,"href":"https:\/\/rt-europaallee.de\/wordpress\/wp-json\/wp\/v2\/posts\/9676\/revisions"}],"predecessor-version":[{"id":9681,"href":"https:\/\/rt-europaallee.de\/wordpress\/wp-json\/wp\/v2\/posts\/9676\/revisions\/9681"}],"wp:attachment":[{"href":"https:\/\/rt-europaallee.de\/wordpress\/wp-json\/wp\/v2\/media?parent=9676"}],"wp:term":[{"taxonomy":"category","embeddable":true,"href":"https:\/\/rt-europaallee.de\/wordpress\/wp-json\/wp\/v2\/categories?post=9676"},{"taxonomy":"post_tag","embeddable":true,"href":"https:\/\/rt-europaallee.de\/wordpress\/wp-json\/wp\/v2\/tags?post=9676"}],"curies":[{"name":"wp","href":"https:\/\/api.w.org\/{rel}","templated":true}]}}