{"id":9686,"date":"2021-01-11T12:09:03","date_gmt":"2021-01-11T11:09:03","guid":{"rendered":"http:\/\/rt-europaallee.org\/wordpress\/?p=9686"},"modified":"2021-01-11T12:09:03","modified_gmt":"2021-01-11T11:09:03","slug":"nds-ministerium-fuer-soziales-gesundheit-und-gleichstellung-link-aufklaerungsmerkblatt-des-rki-zur-covid-19-impfung-info-ueber-kmn","status":"publish","type":"post","link":"https:\/\/rt-europaallee.de\/wordpress\/2021\/01\/nds-ministerium-fuer-soziales-gesundheit-und-gleichstellung-link-aufklaerungsmerkblatt-des-rki-zur-covid-19-impfung-info-ueber-kmn\/","title":{"rendered":"Nds. Ministerium f\u00fcr Soziales, Gesundheit und Gleichstellung: Link Aufkl\u00e4rungsmerkblatt des RKI zur COVID-19-Impfung (Info \u00fcber KMN)"},"content":{"rendered":"<p>Weitergeleitete E- Mail\u00a0von <a href=\"mailto:rt-europaallee@gwhagenberg.de\">rt-europaallee@gwhagenberg.de<\/a> (11.01.2021)<\/p>\n<p>&nbsp;<\/p>\n<blockquote><p><strong>Gesendet:<\/strong>\u00a0Montag, 11. Januar 2021 um 09:21 Uhr<br \/>\n<strong>Von:<\/strong>\u00a0&#8222;M.Grote@goettingen.de&#8220; &lt;M.Grote@goettingen.de&gt;<br \/>\n<strong>An:<\/strong>\u00a0Undisclosed recipients:;<br \/>\n<strong>Betreff:<\/strong>\u00a0WG: Aufkl\u00e4rungsmerkblatt des RKI zur COVID-19-Impfung (Info \u00fcber KMN)<\/p>\n<p>Guten Morgen,<\/p>\n<p>&nbsp;<\/p>\n<p>unten leiten wir zu Ihrer Kenntnis einen Link zum Robert Koch-Institut weiter, unter dem man ein Aufkl\u00e4rungsmerkblatt zur Schutzimpfung gegen Covid-19 in 20 verschiedenen Sprachen herunterladen kann.<\/p>\n<p>&nbsp;<\/p>\n<p>Mit freundlichen Gr\u00fc\u00dfen<\/p>\n<p>Im Auftrag<\/p>\n<p>&nbsp;<\/p>\n<p>Maik Grote<\/p>\n<p>&nbsp;<\/p>\n<p>Stadt G\u00f6ttingen<\/p>\n<p>Referat 05 \u2013 B\u00fcro f\u00fcr Integration<\/p>\n<p>Hiroshimaplatz 1-4<\/p>\n<p>37083 G\u00f6ttingen<\/p>\n<p>Telefon: +49 551 400 2750<\/p>\n<p>Telefax: +49 551 400 622750<\/p>\n<p>E-Mail: <a href=\"mailto:m.grote@goettingen.de\">m.grote@goettingen.de<\/a><\/p>\n<p>Internet: <a href=\"http:\/\/www.goettingen.de\/\">www.goettingen.de<\/a><\/p>\n<p><a href=\"http:\/\/www.goettingen.de\/integration\">www.goettingen.de\/integration<\/a><\/p>\n<p>&nbsp;<\/p>\n<p>G\u00d6TTINGEN | STADT, DlE WISSEN SCHAFFT<\/p>\n<p>&nbsp;<\/p>\n<p>&nbsp;<\/p>\n<p><strong>Von:<\/strong> KMN (MS) &lt;<a href=\"mailto:KMN@ms.niedersachsen.de\">KMN@ms.niedersachsen.de<\/a>&gt;<br \/>\n<strong>Gesendet:<\/strong> Dienstag, 5. Januar 2021 12:22<br \/>\n<strong>Cc:<\/strong> Szymanska, Dorota (MS) &lt;<a href=\"mailto:Dorota.Szymanska@ms.niedersachsen.de\">Dorota.Szymanska@ms.niedersachsen.de<\/a>&gt;; Varchmin-Pecho, Regina (MS) &lt;<a href=\"mailto:Regina.Varchmin-Pecho@ms.niedersachsen.de\">Regina.Varchmin-Pecho@ms.niedersachsen.de<\/a>&gt;<br \/>\n<strong>Betreff:<\/strong> Aufkl\u00e4rungsmerkblatt des RKI zur COVID-19-Impfung (Info \u00fcber KMN)<\/p>\n<p>&nbsp;<\/p>\n<p>Sehr geehrte Damen und Herren,<\/p>\n<p>liebe Kolleginnen und Kollegen,<\/p>\n<p>&nbsp;<\/p>\n<p>anliegend \u00fcbersende ich den Link zu einem Aufkl\u00e4rungsmerkblatt des RKI \u00fcber die COVID-19-Impfung in unterschiedlichen Landessprachen zur Kenntnis und mit der Bitte um Weiterleitung: <strong><a href=\"https:\/\/www.rki.de\/DE\/Content\/Infekt\/Impfen\/Materialien\/COVID-19-Aufklaerungsbogen-Tab.html\">https:\/\/www.rki.de\/DE\/Content\/Infekt\/Impfen\/Materialien\/COVID-19-Aufklaerungsbogen-Tab.html<\/a><\/strong><\/p>\n<p>&nbsp;<\/p>\n<p>Mit den besten Gr\u00fc\u00dfen<\/p>\n<p>Im Auftrage<\/p>\n<p>&nbsp;<\/p>\n<p>&nbsp;<\/p>\n<p>Peter Sauer<\/p>\n<p>Nds. Ministerium f\u00fcr Soziales, Gesundheit und Gleichstellung<br \/>\n&#8211; Referat 301 \/ Migration und Teilhabe &#8211;<br \/>\nPostfach 141<br \/>\n30001 Hannover<\/p>\n<p>Dienstgeb\u00e4ude: Gustav-Bratke-Allee 2<br \/>\nTel.: 0511\/120-5974<br \/>\nFax: 0511\/120-99-5974<br \/>\n____________________________________<\/p>\n<p>Informationen \u00fcber die Verarbeitung Ihrer personenbezogenen Daten nach der Datenschutz-Grundverordnung finden Sie hier:<\/p>\n<p><a href=\"https:\/\/www.ms.niedersachsen.de\/dsg\/vo-175384.html\">https:\/\/www.ms.niedersachsen.de\/dsg\/vo-175384.html<\/a><\/p><\/blockquote>\n","protected":false},"excerpt":{"rendered":"<p>Weitergeleitete E- Mail\u00a0von rt-europaallee@gwhagenberg.de (11.01.2021) &nbsp; Gesendet:\u00a0Montag, 11. Januar 2021 um 09:21 Uhr Von:\u00a0&#8222;M.Grote@goettingen.de&#8220; &lt;M.Grote@goettingen.de&gt; An:\u00a0Undisclosed recipients:; Betreff:\u00a0WG: Aufkl\u00e4rungsmerkblatt des RKI zur COVID-19-Impfung (Info \u00fcber KMN) Guten Morgen, &nbsp; unten leiten wir zu Ihrer Kenntnis einen Link zum Robert Koch-Institut weiter, unter dem man ein Aufkl\u00e4rungsmerkblatt zur Schutzimpfung gegen Covid-19 in 20 verschiedenen Sprachen herunterladen &#8230; <a title=\"Nds. Ministerium f\u00fcr Soziales, Gesundheit und Gleichstellung: Link Aufkl\u00e4rungsmerkblatt des RKI zur COVID-19-Impfung (Info \u00fcber KMN)\" class=\"read-more\" href=\"https:\/\/rt-europaallee.de\/wordpress\/2021\/01\/nds-ministerium-fuer-soziales-gesundheit-und-gleichstellung-link-aufklaerungsmerkblatt-des-rki-zur-covid-19-impfung-info-ueber-kmn\/\" aria-label=\"Mehr Informationen \u00fcber Nds. Ministerium f\u00fcr Soziales, Gesundheit und Gleichstellung: Link Aufkl\u00e4rungsmerkblatt des RKI zur COVID-19-Impfung (Info \u00fcber KMN)\">Weiterlesen<\/a><\/p>\n","protected":false},"author":3,"featured_media":0,"comment_status":"closed","ping_status":"open","sticky":false,"template":"","format":"standard","meta":{"footnotes":""},"categories":[1],"tags":[],"class_list":["post-9686","post","type-post","status-publish","format-standard","hentry","category-allgemein"],"_links":{"self":[{"href":"https:\/\/rt-europaallee.de\/wordpress\/wp-json\/wp\/v2\/posts\/9686","targetHints":{"allow":["GET"]}}],"collection":[{"href":"https:\/\/rt-europaallee.de\/wordpress\/wp-json\/wp\/v2\/posts"}],"about":[{"href":"https:\/\/rt-europaallee.de\/wordpress\/wp-json\/wp\/v2\/types\/post"}],"author":[{"embeddable":true,"href":"https:\/\/rt-europaallee.de\/wordpress\/wp-json\/wp\/v2\/users\/3"}],"replies":[{"embeddable":true,"href":"https:\/\/rt-europaallee.de\/wordpress\/wp-json\/wp\/v2\/comments?post=9686"}],"version-history":[{"count":1,"href":"https:\/\/rt-europaallee.de\/wordpress\/wp-json\/wp\/v2\/posts\/9686\/revisions"}],"predecessor-version":[{"id":9687,"href":"https:\/\/rt-europaallee.de\/wordpress\/wp-json\/wp\/v2\/posts\/9686\/revisions\/9687"}],"wp:attachment":[{"href":"https:\/\/rt-europaallee.de\/wordpress\/wp-json\/wp\/v2\/media?parent=9686"}],"wp:term":[{"taxonomy":"category","embeddable":true,"href":"https:\/\/rt-europaallee.de\/wordpress\/wp-json\/wp\/v2\/categories?post=9686"},{"taxonomy":"post_tag","embeddable":true,"href":"https:\/\/rt-europaallee.de\/wordpress\/wp-json\/wp\/v2\/tags?post=9686"}],"curies":[{"name":"wp","href":"https:\/\/api.w.org\/{rel}","templated":true}]}}