{"id":9716,"date":"2021-01-14T00:37:17","date_gmt":"2021-01-13T23:37:17","guid":{"rendered":"http:\/\/rt-europaallee.org\/wordpress\/?p=9716"},"modified":"2021-01-14T00:37:17","modified_gmt":"2021-01-13T23:37:17","slug":"goevb-goettinger-verkehrsbetriebe-ab-sofort-keine-busse-in-der-pfalz-grona-breite","status":"publish","type":"post","link":"https:\/\/rt-europaallee.de\/wordpress\/2021\/01\/goevb-goettinger-verkehrsbetriebe-ab-sofort-keine-busse-in-der-pfalz-grona-breite\/","title":{"rendered":"G\u00f6VB &#8211; G\u00f6ttinger Verkehrsbetriebe: Ab sofort keine Busse in der Pfalz-Grona-Breite"},"content":{"rendered":"<p>(Quelle:\u00a0<a href=\"https:\/\/www.facebook.com\/goevb\/posts\/4007090129322423?__cft__[0]=AZVFnp2vGObJ86e8Yqx-HQpGMMdEv3ayR1d0RGYT7AleucIGiDqSx1Nv3j9gfjR22C7xptdK6h7tOUZY5tMYxzEKos6MwYRilmGoSzQ8Rj3yKYEvqPkmQSC_CHTUwIp4soIxywuXIZmhWiMqovVOKDjp&amp;__tn__=%2CO%2CP-R\">https:\/\/www.facebook.com\/goevb\/posts\/4007090129322423<\/a>)<\/p>\n<p>&nbsp;<\/p>\n<blockquote>\n<div class=\"buofh1pr\">\n<div class=\"j83agx80 cbu4d94t ew0dbk1b irj2b8pg\">\n<div class=\"qzhwtbm6 knvmm38d\">\n<div class=\"nc684nl6\"><a class=\"oajrlxb2 g5ia77u1 qu0x051f esr5mh6w e9989ue4 r7d6kgcz rq0escxv nhd2j8a9 nc684nl6 p7hjln8o kvgmc6g5 cxmmr5t8 oygrvhab hcukyx3x jb3vyjys rz4wbd8a qt6c0cv9 a8nywdso i1ao9s8h esuyzwwr f1sip0of lzcic4wl oo9gr5id gpro0wi8 lrazzd5p\" tabindex=\"0\" href=\"https:\/\/www.facebook.com\/goevb\/?__cft__[0]=AZVFnp2vGObJ86e8Yqx-HQpGMMdEv3ayR1d0RGYT7AleucIGiDqSx1Nv3j9gfjR22C7xptdK6h7tOUZY5tMYxzEKos6MwYRilmGoSzQ8Rj3yKYEvqPkmQSC_CHTUwIp4soIxywuXIZmhWiMqovVOKDjp&amp;__tn__=-UC%2CP-R\"><strong>G\u00f6VB &#8211; G\u00f6ttinger Verkehrsbetriebe<\/strong><\/a><\/div>\n<\/div>\n<div class=\"qzhwtbm6 knvmm38d\"><span class=\"d2edcug0 hpfvmrgz qv66sw1b c1et5uql rrkovp55 a8c37x1j keod5gw0 nxhoafnm aigsh9s9 d9wwppkn fe6kdd0r mau55g9w c8b282yb mdeji52x e9vueds3 j5wam9gi knj5qynh m9osqain hzawbc8m\" dir=\"auto\"><span id=\"jsc_c_26\"><img loading=\"lazy\" decoding=\"async\" class=\"mkjtxrlb ph5uu5jm\" src=\"https:\/\/www.facebook.com\/images\/assets_DO_NOT_HARDCODE\/facebook_icons\/star_filled_24_fds-gray-70.png\" alt=\"\" width=\"12\" height=\"12\" \/><span class=\"d2edcug0 hpfvmrgz qv66sw1b c1et5uql rrkovp55 e9vueds3 j5wam9gi lrazzd5p m9osqain\">Favoriten<\/span><span class=\"jpp8pzdo\"><span class=\"rfua0xdk pmk7jnqg stjgntxs ni8dbmo4 ay7djpcl q45zohi1\">\u00a0<\/span> \u00b7 <\/span><span class=\"tojvnm2t a6sixzi8 abs2jz4q a8s20v7p t1p8iaqh k5wvi7nf q3lfd5jv pk4s997a bipmatt0 cebpdrjk qowsmv63 owwhemhu dp1hu0rb dhp61c6y iyyx5f41\"><a class=\"oajrlxb2 g5ia77u1 qu0x051f esr5mh6w e9989ue4 r7d6kgcz rq0escxv nhd2j8a9 nc684nl6 p7hjln8o kvgmc6g5 cxmmr5t8 oygrvhab hcukyx3x jb3vyjys rz4wbd8a qt6c0cv9 a8nywdso i1ao9s8h esuyzwwr f1sip0of lzcic4wl gmql0nx0 gpro0wi8 b1v8xokw\" tabindex=\"0\" href=\"https:\/\/www.facebook.com\/goevb\/#\"><span class=\"j1lvzwm4 stjgntxs ni8dbmo4 q9uorilb gpro0wi8\"><span class=\"b6zbclly myohyog2 l9j0dhe7 aenfhxwr l94mrbxd ihxqhq3m nc684nl6 t5a262vz sdhka5h4\">1tS2p\u00a0eSSonsiffotemdred.s<\/span><\/span><\/a><\/span><span class=\"jpp8pzdo\"><span class=\"rfua0xdk pmk7jnqg stjgntxs ni8dbmo4 ay7djpcl q45zohi1\">\u00a0<\/span> \u00b7 <\/span><i class=\"hu5pjgll m6k467ps sp_ScsxGf-EclY sx_f51e64\"><\/i><\/span><\/span><\/div>\n<\/div>\n<\/div>\n<div class=\"nqmvxvec j83agx80 jnigpg78 cxgpxx05 dflh9lhu sj5x9vvc scb9dxdr odw8uiq3\"><\/div>\n<div class=\"\" dir=\"auto\">\n<div id=\"jsc_c_27\" class=\"ecm0bbzt hv4rvrfc ihqw7lf3 dati1w0a\" data-ad-comet-preview=\"message\" data-ad-preview=\"message\">\n<div class=\"j83agx80 cbu4d94t ew0dbk1b irj2b8pg\">\n<div class=\"qzhwtbm6 knvmm38d\">\n<div class=\"kvgmc6g5 cxmmr5t8 oygrvhab hcukyx3x c1et5uql ii04i59q\">\n<div dir=\"auto\">In Vorbereitung der Bombenentsch\u00e4rfung am 30.01.2021 befahren die Busse der G\u00f6VB ab sofort bis mindestens 31.01.2021 nicht mehr die Pfalz-Grona-Breite. Die Umleitung erfolgt wie schon mehrfach \u00fcber die K\u00f6nigsallee. Die betroffenen Linien 11\/12 und N1 werden in Fahrtrichtung stadteinw\u00e4rts ab der Haltestelle \u201eEllieh\u00e4user Weg\u201c \u00fcber die K\u00f6nigsallee &#8211; Godehardstra\u00dfe gef\u00fchrt. In Gegenrichtung wird entsprechend umgeleitet. Alle Infos zu entfallenden Haltestellen sowie Ersatzhaltestellen unter <a class=\"oajrlxb2 g5ia77u1 qu0x051f esr5mh6w e9989ue4 r7d6kgcz rq0escxv nhd2j8a9 nc684nl6 p7hjln8o kvgmc6g5 cxmmr5t8 oygrvhab hcukyx3x jb3vyjys rz4wbd8a qt6c0cv9 a8nywdso i1ao9s8h esuyzwwr f1sip0of lzcic4wl py34i1dx gpro0wi8\" tabindex=\"0\" href=\"http:\/\/www.goevb.de\/?fbclid=IwAR2yIwrYrUcsIwswEyyj0S8vSs8ZPix4Mvkp6PcD2c0HiNpAZTwPvfeJHmU\" target=\"_blank\" rel=\"nofollow noopener noreferrer\">www.goevb.de<\/a><a class=\"oajrlxb2 g5ia77u1 qu0x051f esr5mh6w e9989ue4 r7d6kgcz rq0escxv nhd2j8a9 nc684nl6 p7hjln8o kvgmc6g5 cxmmr5t8 oygrvhab hcukyx3x jb3vyjys rz4wbd8a qt6c0cv9 a8nywdso i1ao9s8h esuyzwwr f1sip0of lzcic4wl q66pz984 gpro0wi8 b1v8xokw\" tabindex=\"0\" href=\"https:\/\/www.facebook.com\/hashtag\/goevb?__eep__=6&amp;__cft__[0]=AZVFnp2vGObJ86e8Yqx-HQpGMMdEv3ayR1d0RGYT7AleucIGiDqSx1Nv3j9gfjR22C7xptdK6h7tOUZY5tMYxzEKos6MwYRilmGoSzQ8Rj3yKYEvqPkmQSC_CHTUwIp4soIxywuXIZmhWiMqovVOKDjp&amp;__tn__=*NK-R\">#goevb<\/a><\/div>\n<\/div>\n<div dir=\"auto\"><img loading=\"lazy\" decoding=\"async\" class=\"ji94ytn4 r9f5tntg d2edcug0 r0294ipz aligncenter\" src=\"https:\/\/scontent-ham3-1.xx.fbcdn.net\/v\/t1.0-9\/138390235_4007090032655766_1127894742987678012_o.jpg?_nc_cat=110&amp;ccb=2&amp;_nc_sid=730e14&amp;_nc_ohc=QY8nWnPsU2cAX-E4UP0&amp;_nc_ht=scontent-ham3-1.xx&amp;oh=677d6bd53676044e4fda5b8946445dc2&amp;oe=60239820\" alt=\"Bild k\u00f6nnte enthalten: Baum, Pflanze, Himmel, im Freien und Natur, Text \u201eUmleitung\u201c\" width=\"290\" height=\"193\" data-visualcompletion=\"media-vc-image\" \/><\/div>\n<\/div>\n<\/div>\n<\/div>\n<\/div>\n<\/blockquote>\n","protected":false},"excerpt":{"rendered":"<p>(Quelle:\u00a0https:\/\/www.facebook.com\/goevb\/posts\/4007090129322423) &nbsp; G\u00f6VB &#8211; G\u00f6ttinger Verkehrsbetriebe Favoriten\u00a0 \u00b7 1tS2p\u00a0eSSonsiffotemdred.s\u00a0 \u00b7 In Vorbereitung der Bombenentsch\u00e4rfung am 30.01.2021 befahren die Busse der G\u00f6VB ab sofort bis mindestens 31.01.2021 nicht mehr die Pfalz-Grona-Breite. Die Umleitung erfolgt wie schon mehrfach \u00fcber die K\u00f6nigsallee. Die betroffenen Linien 11\/12 und N1 werden in Fahrtrichtung stadteinw\u00e4rts ab der Haltestelle \u201eEllieh\u00e4user Weg\u201c \u00fcber &#8230; <a title=\"G\u00f6VB &#8211; G\u00f6ttinger Verkehrsbetriebe: Ab sofort keine Busse in der Pfalz-Grona-Breite\" class=\"read-more\" href=\"https:\/\/rt-europaallee.de\/wordpress\/2021\/01\/goevb-goettinger-verkehrsbetriebe-ab-sofort-keine-busse-in-der-pfalz-grona-breite\/\" aria-label=\"Mehr Informationen \u00fcber G\u00f6VB &#8211; G\u00f6ttinger Verkehrsbetriebe: Ab sofort keine Busse in der Pfalz-Grona-Breite\">Weiterlesen<\/a><\/p>\n","protected":false},"author":3,"featured_media":0,"comment_status":"closed","ping_status":"open","sticky":false,"template":"","format":"standard","meta":{"footnotes":""},"categories":[1],"tags":[],"class_list":["post-9716","post","type-post","status-publish","format-standard","hentry","category-allgemein"],"_links":{"self":[{"href":"https:\/\/rt-europaallee.de\/wordpress\/wp-json\/wp\/v2\/posts\/9716","targetHints":{"allow":["GET"]}}],"collection":[{"href":"https:\/\/rt-europaallee.de\/wordpress\/wp-json\/wp\/v2\/posts"}],"about":[{"href":"https:\/\/rt-europaallee.de\/wordpress\/wp-json\/wp\/v2\/types\/post"}],"author":[{"embeddable":true,"href":"https:\/\/rt-europaallee.de\/wordpress\/wp-json\/wp\/v2\/users\/3"}],"replies":[{"embeddable":true,"href":"https:\/\/rt-europaallee.de\/wordpress\/wp-json\/wp\/v2\/comments?post=9716"}],"version-history":[{"count":1,"href":"https:\/\/rt-europaallee.de\/wordpress\/wp-json\/wp\/v2\/posts\/9716\/revisions"}],"predecessor-version":[{"id":9717,"href":"https:\/\/rt-europaallee.de\/wordpress\/wp-json\/wp\/v2\/posts\/9716\/revisions\/9717"}],"wp:attachment":[{"href":"https:\/\/rt-europaallee.de\/wordpress\/wp-json\/wp\/v2\/media?parent=9716"}],"wp:term":[{"taxonomy":"category","embeddable":true,"href":"https:\/\/rt-europaallee.de\/wordpress\/wp-json\/wp\/v2\/categories?post=9716"},{"taxonomy":"post_tag","embeddable":true,"href":"https:\/\/rt-europaallee.de\/wordpress\/wp-json\/wp\/v2\/tags?post=9716"}],"curies":[{"name":"wp","href":"https:\/\/api.w.org\/{rel}","templated":true}]}}